{"id":9662,"date":"2019-11-30T17:40:22","date_gmt":"2019-11-30T16:40:22","guid":{"rendered":"http:\/\/stanek.ch\/wordpress\/?p=9662"},"modified":"2020-12-21T14:51:53","modified_gmt":"2020-12-21T13:51:53","slug":"goldauer-herbstvortrag-2020-am-6-november","status":"publish","type":"post","link":"http:\/\/stanek.ch\/wordpress\/vortragehistory\/2019\/11\/goldauer-herbstvortrag-2020-am-6-november\/","title":{"rendered":"Goldauer Herbstvortrag 2020 am 6. November"},"content":{"rendered":"<p>Seit dem 18. November 2020 ist bei <strong><a href=\"https:\/\/www.arth-online.ch\/seit-52-jahren-informiert-bruno-stanek-ueber-news-im-all\/\">Arth-Online<\/a><\/strong> ein weiterer R\u00fcckblick auf den Goldauer Herbstvortrag aufgeschaltet.<\/p>\n<p>Hier an dieser Stelle erscheint noch heute eine <a href=\"http:\/\/stanek.ch\/wordpress\/vortragehistory\/2020\/11\/erfahrungen-aus-dem-goldauer-herbstvortrag-2020-fur-neue-ideen\/\"><strong>R\u00fcckschau &#038; Vorschau<\/strong><\/a> des gem\u00e4ss Zuh\u00f6rern trotz 30-Personen-Limite gelungenen Vortrages, zu dem sich gem\u00e4ss R\u00fcckmeldungen auch die Anreise von weitem gelohnt habe. Freude herrscht! Die Fasnacht wurde zwar in &#8222;weiser&#8220; Voraussicht pr\u00e4ventiv verboten, damit sich der Staat nicht so leicht per Narrenfreiheit auf die Schippe nehmen l\u00e4sst. Beim Vortrag war von Corona eigentlich nichts zu sp\u00fcren, ausser einer wortlosen Vorfasnacht in Form von einigen Phantasie-Masken bis zu Vollk\u00f6rper-Schutzanz\u00fcgen. Sogar die kontrollierende Polizei erlebte das traditionell vorbildlich disziplierte Verhalten von Weltraumbegeisterten, aber in zivil.<\/p>\n<p><strong><a href=\"http:\/\/stanek.ch\/wordpress\/wp-content\/uploads\/2020\/11\/Rezension-RigiPost-2020-C.jpg\">Rezension in der Lokalzeitung Rigi-Post<\/a><\/strong><\/p>\n<p>Bitte konsultieren Sie auch meinen Blog! <a href=\"http:\/\/stanek.ch\/wordpress\/weltgeschehen\/2020\/10\/blog-vom-1-november-2020-bis\/\">Dort kann ich mich noch humorvoller ausdr\u00fccken und brauche keine &#8222;Maske&#8220; zu tragen.<br \/>\n<\/a><br \/>\n<em><strong>In der Hoffnung, eine minimale Vernunft w\u00fcrde in Sachen Corona-Willk\u00fcr bald wieder einkehren, habe ich bis heute zugewartet, bei meinem Goldauer Herbstvortrag noch deutlicher zu sagen, was die vielen unn\u00f6tigen Massnahmen auch in meinem Fall f\u00fcr die langj\u00e4hrigen Zuh\u00f6rer und mich bedeuten. Der Verwalter des Eichmatt-Saales in Goldau hat mir soeben voller Bedauern mitgeteilt, dass er die im Kanton Schwyz erst recht unverst\u00e4ndlich gesenkte Limite auf 30 Personen auch f\u00fcr seinen wunderbar ger\u00e4umigen Saal einhalten m\u00fcsse. Ich bin im Gegensatz zu anderen Referenten und erst recht professionell B\u00fchnenschaffenden nicht gezwungen, einen Anlass aus rein kommerziellen Gr\u00fcnden nur bei einer gr\u00f6sseren Zahl von Zuh\u00f6rern durchzuf\u00fchren. Daher will ich auch ein allf. kleineres Publikum nicht zus\u00e4tzlich entt\u00e4uschen und den Vortrag wie jedes Jahr halten, ev. im Fr\u00fchjahr sogar nochmals zu wiederholen &#8211; oder auch andere Kommunikationswege zu finden. Es w\u00e4re grotesk, wegen einem zivilisatorischen Tiefpunkt auch in unserem Land die Interessierten am fast einzigen erfreulichen Thema in diesem Universum nicht teilhaben und sich freuen zu lassen! M\u00f6ge der Anlass in diesem Sinne in meine Geschichte von 52 Jahren Weltraumvortr\u00e4gen eingehen &#8211; neben viel bedauerlicheren Schicksalen, wo ganze Existenzen in unserem Lande von den Zauberlehrlingen im Bundeshaus und in Schwyz, konzertiert mit den eigentlich verantwortlichen Chinesen und ihrer CCP, zerst\u00f6rt worden sind. Auch als Warnung vor k\u00fcnftiger Beh\u00f6rdenwillk\u00fcr aller Gattung.<\/strong><\/em><\/p>\n<p>Im \u00fcbrigen gilt meine bisherige Formulierung der traditionellen Einladung zum Vortrag.<\/p>\n<p>Das Interesse ist 2020 wegen SpaceX besonders gross. Der bew\u00e4hrte Ort und die Zeit bleiben wie bei den Referaten der letzten Jahre gleich. Es lohnt sich, beizeiten zu erscheinen, aber der Saal ist gross genug und mich wird man, wie jedesmal, zu allererst antreffen&#8230;<\/p>\n<p>Zeit: Freitag, den 6. November 2020 um 20 Uhr, wie immer mit Saal\u00f6ffnung ab 19 Uhr.<br \/>\nOrt: Pfarreizentrum Eichmatt in 6410 Goldau SZ, Rigistrasse ob dem Rigibahnhof. Parkplatz gleich davor oder gegen\u00fcber der Gotthardstrasse auf dem Parkplatz der Kirche. Wenige Minuten zu Fuss ob dem Bahnhof Arth-Goldau.<\/p>\n<p>Mit 20 Minuten Pause ca. 21 Uhr f\u00fcr (Kr\u00e4fte schonende \ud83d\ude42 ) Kontakte und Getr\u00e4nkeservice.<br \/>\nKeine Anmeldung n\u00f6tig, Saal gross genug, Abendkasse.<\/p>\n<p>Im ersten Vortragsteil wird es kurz um das Neueste zu den laufenden Planetenmissionen gehen, dann wird ausf\u00fchrlich \u00fcber den Stand der Entwicklung von z.Z. \u00abStarship SN8\u00bb und bereits des Super Heavy Boosters berichtet. Man erwartet bis im November den 15-km-Flug (statt 20-km) des verbesserten Prototyps SN8 in Boca Chica \/ S\u00fcdtexas &#8211; mit Landung gleich neben dem Startplatz. Elon Musk h\u00e4lt seine Millionen von Fans in aller Welt mehrmals im Jahr auf dem laufenden. Sein Ideenreichtum ist nicht immer leicht zu verfolgen. Meine Vortr\u00e4ge deutschen seine st\u00e4ndig im Fluss befindlichen Projekte verst\u00e4ndlich aus. Der Update des f\u00fcr den Vortrag massgeschneiderten Bildmaterials erfolgt t\u00e4glich und der Vortrag wird bis im November aus weitgehend neuen Illustrationen bestehen im Vergleich zu 2019. Auch diese Generation bekommt also nochmals die Chance, eine faszinierende Erweiterung unseres Lebensraumes live zu erleben.<\/p>\n<p>2019 stand medial noch ganz im Zeichen der ersten Mondlandung, und fast alle blickten 50 Jahre in die Vergangenheit. Erst wenige 5 Jahre in die Zukunft. Dabei blieb nat\u00fcrlich verborgen, dass die NASA nach der Verfolgung veralteter Technologien gar nicht mehr in der Lage w\u00e4re, ihr Programm aus der Sackgasse zu f\u00fchren. Mangel an Konkurrenz von anderen Raumfahrtnationen hatte sie in diese Situation gebracht &#8211; hoffnungsloser noch, als z.Z. des letztj\u00e4hrigen Vortrages absehbar war. Konkurrenz droht ihnen nun von der US-Privatindustrie selber. Die Firma SpaceX hat inzwischen nicht nur die gr\u00f6ssten und preiswertesten Raketen auf dem Weltmarkt, hilft der NASA Transportkosten sparen, und hat sie beim Astronautentransport inzwischen von der eigenen Dragon-2-Raumkapsel abh\u00e4ngig gemacht bzw. noch so gerne auf diese umsteigen lassen.<\/p>\n<p>SpaceX ist wohl die einzige Organisation, die im All noch Geld verdient, und dies bald erst recht auch beim Satelliten-basierten Internet, wo sie den gr\u00f6ssten Konkurrenten OneWeb bereits aus dem Markt gedr\u00e4ngt hat. \u00dcberall sind die Firmen von Elon Musk auf der \u00dcberholspur und haben andere Raketenbauer auf Nischenm\u00e4rkte verwiesen oder von Staatsauftr\u00e4gen abh\u00e4ngig gemacht. Weil dieses Beispiel eines t\u00fcchtigen Pioniers dem Zeitgeist total entgegenl\u00e4uft, erf\u00e4hrt meist nur eine kleine Minderheit davon. SpaceX ist eine der wenigen Firmen, welche angesichts der Corona-Quarant\u00e4nen unter Beachtung vern\u00fcnftiger Vorsichtmassnahmen mit &#8222;full power&#8220; weiterarbeitet.<\/p>\n<p>Im Vortrag von Bruno Stanek, der schon in seinen Livesendungen vor 50 Jahren den damals haushohen Sieg der USA beim Rennen zum Mond vorausgesehen hat, geht es vor allem um das Mond- und Marsprogramm von Elon Musk, das sich dieser aus der eigenen Tasche und unabh\u00e4ngig vom Steuerzahler leisten kann. Daher kommt er auch so rasch voran, dass der Referent zu den Wenigen geh\u00f6rt, die den \u00dcberblick \u00fcber die faszinierenden Projekte noch t\u00e4glich behalten k\u00f6nnen. Ein \u00fcberw\u00e4ltigendes Bildmaterial in hoher Aufl\u00f6sung zeigt gleich zu Beginn, warum der Mars als zweite Welt eine Reise wert ist. Dann geht es darum, zu zeigen, wie dieses Ziel mit dem vollst\u00e4ndig wiederverwendbaren \u00abStarship\u00bb binnen 5 Jahren erreicht werden kann. Bald weitherum beachtete Testfl\u00fcge warten bereits dieses Jahr auf uns. <\/p>\n<p>Im Print-Sektor h\u00e4lt Stanek seine &#8222;Follower&#8220; \u00fcber das Jahr mit seinen &#8222;Space Cornern&#8220; in der Schweizer Aviatikerzeitschrift Cockpit auf dem laufenden.<\/p>\n<p>Der bekannte Modellbauer Rudolf Mohr aus Kollbrunn zeigt in Goldau auch 2020 seine aktuellsten aktuelle Modelle und tr\u00e4gt wie immer zur Ambiance im Saal bei!<\/p>\n<p><em>Es gibt gelegentlich Freunde von weiter weg im Lande, die nach dem Vortragsabend nicht mehr heimfahren m\u00f6chten. Da gibt es eine romantische Jugendstilvilla gleich neben dem Vortragssaal, deren Besitzerin \u201cBed and Breakfast\u201d anbietet! Beim Vortrag 2019 war sie wieder einmal \u201c\u00fcber die Gasse\u201d erschienen und informierte mich \u00fcber die ideale <a href=\"http:\/\/www.goergen.ch\/\">\u00dcbernachtungsm\u00f6glichkeit<\/a>, die ich nat\u00fcrlich gerne weiterempfehle. Auch wenn Sie sonst einmal etwas nur 5 Minuten zu Fuss vom Bahnknotenpunkt Arth-Goldau suchen!<\/em><\/p>\n<p><a href=\"http:\/\/stanek.ch\/wordpress\/wp-content\/uploads\/2019\/11\/Plakat-2020-web.jpg\"><img loading=\"lazy\" decoding=\"async\" src=\"http:\/\/stanek.ch\/wordpress\/wp-content\/uploads\/2019\/11\/Plakat-2020-web.jpg\" alt=\"\" title=\"Plakat-2020-web\" width=\"668\" height=\"960\" class=\"alignnone size-full wp-image-9751\" srcset=\"http:\/\/stanek.ch\/wordpress\/wp-content\/uploads\/2019\/11\/Plakat-2020-web.jpg 668w, http:\/\/stanek.ch\/wordpress\/wp-content\/uploads\/2019\/11\/Plakat-2020-web-208x300.jpg 208w\" sizes=\"auto, (max-width: 668px) 100vw, 668px\" \/><\/a><\/p>\n<p><a href=\"http:\/\/stanek.ch\/wordpress\/wp-content\/uploads\/2020\/03\/Venus-tr\u00e4umt-vom-Mond.jpg\">Noch etwas Ambiance&#8230;<\/a><\/p>\n<p>Und hier noch eine ganz kleine Vorschau zur Modellausstellung von Ruedi Mohr!<br \/>\nGegenwart und Vergangenheit kommen hier vor&#8230;<\/p>\n<p><a href=\"http:\/\/stanek.ch\/wordpress\/wp-content\/uploads\/2019\/11\/DSC02467.jpeg\"><img loading=\"lazy\" decoding=\"async\" src=\"http:\/\/stanek.ch\/wordpress\/wp-content\/uploads\/2019\/11\/DSC02467.jpeg\" alt=\"\" title=\"DSC02467\" width=\"320\" height=\"240\" class=\"alignnone size-full wp-image-11073\" srcset=\"http:\/\/stanek.ch\/wordpress\/wp-content\/uploads\/2019\/11\/DSC02467.jpeg 320w, http:\/\/stanek.ch\/wordpress\/wp-content\/uploads\/2019\/11\/DSC02467-300x225.jpg 300w\" sizes=\"auto, (max-width: 320px) 100vw, 320px\" \/><\/a><br \/>\n<a href=\"http:\/\/stanek.ch\/wordpress\/wp-content\/uploads\/2019\/11\/DSC02463.jpeg\"><img loading=\"lazy\" decoding=\"async\" src=\"http:\/\/stanek.ch\/wordpress\/wp-content\/uploads\/2019\/11\/DSC02463.jpeg\" alt=\"\" title=\"DSC02463\" width=\"320\" height=\"240\" class=\"alignnone size-full wp-image-11074\" srcset=\"http:\/\/stanek.ch\/wordpress\/wp-content\/uploads\/2019\/11\/DSC02463.jpeg 320w, http:\/\/stanek.ch\/wordpress\/wp-content\/uploads\/2019\/11\/DSC02463-300x225.jpg 300w\" sizes=\"auto, (max-width: 320px) 100vw, 320px\" \/><\/a><br \/>\n<a href=\"http:\/\/stanek.ch\/wordpress\/wp-content\/uploads\/2019\/11\/IMG_0260.jpeg\"><img loading=\"lazy\" decoding=\"async\" src=\"http:\/\/stanek.ch\/wordpress\/wp-content\/uploads\/2019\/11\/IMG_0260.jpeg\" alt=\"\" title=\"IMG_0260\" width=\"316\" height=\"236\" class=\"alignnone size-full wp-image-11075\" srcset=\"http:\/\/stanek.ch\/wordpress\/wp-content\/uploads\/2019\/11\/IMG_0260.jpeg 316w, http:\/\/stanek.ch\/wordpress\/wp-content\/uploads\/2019\/11\/IMG_0260-300x224.jpg 300w\" sizes=\"auto, (max-width: 316px) 100vw, 316px\" \/><\/a><br \/>\n<a href=\"http:\/\/stanek.ch\/wordpress\/wp-content\/uploads\/2019\/11\/IMG_0259.jpeg\"><img loading=\"lazy\" decoding=\"async\" src=\"http:\/\/stanek.ch\/wordpress\/wp-content\/uploads\/2019\/11\/IMG_0259.jpeg\" alt=\"\" title=\"IMG_0259\" width=\"316\" height=\"236\" class=\"alignnone size-full wp-image-11076\" srcset=\"http:\/\/stanek.ch\/wordpress\/wp-content\/uploads\/2019\/11\/IMG_0259.jpeg 316w, http:\/\/stanek.ch\/wordpress\/wp-content\/uploads\/2019\/11\/IMG_0259-300x224.jpg 300w\" sizes=\"auto, (max-width: 316px) 100vw, 316px\" \/><\/a><\/p>\n<p><a href=\"http:\/\/stanek.ch\/wordpress\/weltgeschehen\/2020\/10\/das-wichtigste-das-man-z-z-uber-die-raumfahrt-und-amerika-sagen-kann\/\">Aus aktuellem Anlass zur Situation in der internationalen Raumfahrt:<\/a><\/p>\n","protected":false},"excerpt":{"rendered":"<p>Seit dem 18. November 2020 ist bei Arth-Online ein weiterer R\u00fcckblick auf den Goldauer Herbstvortrag aufgeschaltet. Hier an dieser Stelle erscheint noch heute eine R\u00fcckschau &#038; Vorschau des gem\u00e4ss Zuh\u00f6rern trotz 30-Personen-Limite gelungenen Vortrages, zu dem sich gem\u00e4ss R\u00fcckmeldungen auch &hellip; <a href=\"http:\/\/stanek.ch\/wordpress\/vortragehistory\/2019\/11\/goldauer-herbstvortrag-2020-am-6-november\/\">Weiterlesen <span class=\"meta-nav\">&rarr;<\/span><\/a><\/p>\n","protected":false},"author":2,"featured_media":0,"comment_status":"closed","ping_status":"closed","sticky":false,"template":"","format":"standard","meta":{"footnotes":""},"categories":[3,5],"tags":[],"class_list":["post-9662","post","type-post","status-publish","format-standard","hentry","category-vortragehistory","category-raumfahrt"],"_links":{"self":[{"href":"http:\/\/stanek.ch\/wordpress\/wp-json\/wp\/v2\/posts\/9662","targetHints":{"allow":["GET"]}}],"collection":[{"href":"http:\/\/stanek.ch\/wordpress\/wp-json\/wp\/v2\/posts"}],"about":[{"href":"http:\/\/stanek.ch\/wordpress\/wp-json\/wp\/v2\/types\/post"}],"author":[{"embeddable":true,"href":"http:\/\/stanek.ch\/wordpress\/wp-json\/wp\/v2\/users\/2"}],"replies":[{"embeddable":true,"href":"http:\/\/stanek.ch\/wordpress\/wp-json\/wp\/v2\/comments?post=9662"}],"version-history":[{"count":49,"href":"http:\/\/stanek.ch\/wordpress\/wp-json\/wp\/v2\/posts\/9662\/revisions"}],"predecessor-version":[{"id":11484,"href":"http:\/\/stanek.ch\/wordpress\/wp-json\/wp\/v2\/posts\/9662\/revisions\/11484"}],"wp:attachment":[{"href":"http:\/\/stanek.ch\/wordpress\/wp-json\/wp\/v2\/media?parent=9662"}],"wp:term":[{"taxonomy":"category","embeddable":true,"href":"http:\/\/stanek.ch\/wordpress\/wp-json\/wp\/v2\/categories?post=9662"},{"taxonomy":"post_tag","embeddable":true,"href":"http:\/\/stanek.ch\/wordpress\/wp-json\/wp\/v2\/tags?post=9662"}],"curies":[{"name":"wp","href":"https:\/\/api.w.org\/{rel}","templated":true}]}}