{"id":9023,"date":"2019-03-19T13:09:27","date_gmt":"2019-03-19T12:09:27","guid":{"rendered":"http:\/\/stanek.ch\/wordpress\/?p=9023"},"modified":"2020-08-12T10:35:38","modified_gmt":"2020-08-12T09:35:38","slug":"unfassbares-fur-zuschauer-des-schweizer-fernsehens","status":"publish","type":"post","link":"http:\/\/stanek.ch\/wordpress\/weltgeschehen\/2019\/03\/unfassbares-fur-zuschauer-des-schweizer-fernsehens\/","title":{"rendered":"Unfassbares f\u00fcr Zuschauer des Schweizer Fernsehens"},"content":{"rendered":"<p>Das Schweizer Fernsehen hat die gar nicht soo wichtigen Feierlichkeiten zum 50. Jahrestag der ersten Mondlandung <a href=\"https:\/\/www.youtube.com\/watch?v=G60BiekeNXo\">einen Monat zu fr\u00fch begangen und auch noch mit dem 20j\u00e4hrigen Jubil\u00e4um verwechselt!<\/a> Jenes hatte ich schon vor 30 Jahren (!) mitmoderiert, wie auch schon das 10- , 25-, 30- und 40j\u00e4hrige. Mein Zehnj\u00e4hriges 1979 ging f\u00fcr mich noch ganz allein via Eurovision bei ZDF, ORF und SRG \u00fcber den Sender und brachte mir (und SRG&#8230;) in ganz Europa Freunde. Es passierten keine Pannen und die Zuschauer erlebten die gleiche Pr\u00e4zision und simple Sachkenntnis wie in der Schweiz. Beim 50j\u00e4hrigen habe ich mich bewusst herausgehalten, weil inzwischen das Fake-News-Zeitalter begonnen hat und ausserdem TV-Mitarbeit gar nicht mehr honoriert wird, wenn man nicht mit zeitgen\u00f6ssisch kompatiblen Falschnachrichten aufwarten kann. Ausserdem gilt heute das nicht ungef\u00e4hrliche Prinzip \u00abSuche von Schuldigen, Bestrafung der Unschuldigen und Auszeichnung von Nichtbeteiligten\u00bb, denn es m\u00fcssen in diesem Umfeld bereits so viele Unf\u00e4hige gesch\u00fctzt werden, dass man mit Fakten aufpassen muss. Die Beurteilung der Sendung zum Apollo 11-Jubil\u00e4um, 50 Jahre nach 1969, war in meiner Umgebung denn auch vernichtend, quer durch alle Kreise.<\/p>\n","protected":false},"excerpt":{"rendered":"<p>Das Schweizer Fernsehen hat die gar nicht soo wichtigen Feierlichkeiten zum 50. Jahrestag der ersten Mondlandung einen Monat zu fr\u00fch begangen und auch noch mit dem 20j\u00e4hrigen Jubil\u00e4um verwechselt! Jenes hatte ich schon vor 30 Jahren (!) mitmoderiert, wie auch &hellip; <a href=\"http:\/\/stanek.ch\/wordpress\/weltgeschehen\/2019\/03\/unfassbares-fur-zuschauer-des-schweizer-fernsehens\/\">Weiterlesen <span class=\"meta-nav\">&rarr;<\/span><\/a><\/p>\n","protected":false},"author":2,"featured_media":0,"comment_status":"closed","ping_status":"closed","sticky":false,"template":"","format":"standard","meta":{"footnotes":""},"categories":[1,5],"tags":[],"class_list":["post-9023","post","type-post","status-publish","format-standard","hentry","category-weltgeschehen","category-raumfahrt"],"_links":{"self":[{"href":"http:\/\/stanek.ch\/wordpress\/wp-json\/wp\/v2\/posts\/9023","targetHints":{"allow":["GET"]}}],"collection":[{"href":"http:\/\/stanek.ch\/wordpress\/wp-json\/wp\/v2\/posts"}],"about":[{"href":"http:\/\/stanek.ch\/wordpress\/wp-json\/wp\/v2\/types\/post"}],"author":[{"embeddable":true,"href":"http:\/\/stanek.ch\/wordpress\/wp-json\/wp\/v2\/users\/2"}],"replies":[{"embeddable":true,"href":"http:\/\/stanek.ch\/wordpress\/wp-json\/wp\/v2\/comments?post=9023"}],"version-history":[{"count":7,"href":"http:\/\/stanek.ch\/wordpress\/wp-json\/wp\/v2\/posts\/9023\/revisions"}],"predecessor-version":[{"id":9029,"href":"http:\/\/stanek.ch\/wordpress\/wp-json\/wp\/v2\/posts\/9023\/revisions\/9029"}],"wp:attachment":[{"href":"http:\/\/stanek.ch\/wordpress\/wp-json\/wp\/v2\/media?parent=9023"}],"wp:term":[{"taxonomy":"category","embeddable":true,"href":"http:\/\/stanek.ch\/wordpress\/wp-json\/wp\/v2\/categories?post=9023"},{"taxonomy":"post_tag","embeddable":true,"href":"http:\/\/stanek.ch\/wordpress\/wp-json\/wp\/v2\/tags?post=9023"}],"curies":[{"name":"wp","href":"https:\/\/api.w.org\/{rel}","templated":true}]}}