{"id":878,"date":"2011-09-24T22:25:10","date_gmt":"2011-09-24T21:25:10","guid":{"rendered":"http:\/\/stanek.ch\/wordpress\/?p=878"},"modified":"2011-09-25T14:40:04","modified_gmt":"2011-09-25T13:40:04","slug":"24-september-ab-1730-im-gersag-zentrum-in-emmen","status":"publish","type":"post","link":"http:\/\/stanek.ch\/wordpress\/vortragehistory\/2011\/09\/24-september-ab-1730-im-gersag-zentrum-in-emmen\/","title":{"rendered":"24. September ab 17:30 im Gersag-Zentrum in Emmen"},"content":{"rendered":"<p>Ein Kurzvortrag im Anschluss an die Tagung der Funkamateure der USKA (Union Schweizer Kurzwellen-Amateure, die l\u00e4ngst auch \u00fcber Satelliten kommunizieren) \u00fcber das Neueste in der Raumfahrt, gefolgt vom faszinierenden Schlussteil des Videofilms \u00abFlugjahre zum Mond\u00bb. Das Referat wurde von der Vereinigung ge\u00f6ffnet f\u00fcr interessierte Nichtmitglieder, die gerne wieder einmal einen Stanek-Vortrag h\u00f6ren m\u00f6chten. Das Referat bestand schliesslich aus einer kurzen Einf\u00fchrung und Teil 2 und 3 des Filmes \u00abFlugjahre zum Mond\u00bb. Dies angesichts des hoch interessierten und motivierten Publikums, das zum Abschluss einer sicher anstrengenden Tagung etwas \u00abganz erbauliches\u00bb verdient hatte! Gefolgt vom Hinweis darauf, dass ein zeitlich unbeschr\u00e4nkter Vortrag auf die Aktualit\u00e4ten von 2011\/12 am 18. November im nahen Arth-Goldau zu h\u00f6ren sein wird. Erfreulich viele Zuh\u00f6rer \u00e4usserten spontan die Absicht, auch dort wieder zu erscheinen.<\/p>\n","protected":false},"excerpt":{"rendered":"<p>Ein Kurzvortrag im Anschluss an die Tagung der Funkamateure der USKA (Union Schweizer Kurzwellen-Amateure, die l\u00e4ngst auch \u00fcber Satelliten kommunizieren) \u00fcber das Neueste in der Raumfahrt, gefolgt vom faszinierenden Schlussteil des Videofilms \u00abFlugjahre zum Mond\u00bb. Das Referat wurde von der &hellip; <a href=\"http:\/\/stanek.ch\/wordpress\/vortragehistory\/2011\/09\/24-september-ab-1730-im-gersag-zentrum-in-emmen\/\">Weiterlesen <span class=\"meta-nav\">&rarr;<\/span><\/a><\/p>\n","protected":false},"author":2,"featured_media":0,"comment_status":"closed","ping_status":"closed","sticky":false,"template":"","format":"standard","meta":{"footnotes":""},"categories":[3],"tags":[],"class_list":["post-878","post","type-post","status-publish","format-standard","hentry","category-vortragehistory"],"_links":{"self":[{"href":"http:\/\/stanek.ch\/wordpress\/wp-json\/wp\/v2\/posts\/878","targetHints":{"allow":["GET"]}}],"collection":[{"href":"http:\/\/stanek.ch\/wordpress\/wp-json\/wp\/v2\/posts"}],"about":[{"href":"http:\/\/stanek.ch\/wordpress\/wp-json\/wp\/v2\/types\/post"}],"author":[{"embeddable":true,"href":"http:\/\/stanek.ch\/wordpress\/wp-json\/wp\/v2\/users\/2"}],"replies":[{"embeddable":true,"href":"http:\/\/stanek.ch\/wordpress\/wp-json\/wp\/v2\/comments?post=878"}],"version-history":[{"count":13,"href":"http:\/\/stanek.ch\/wordpress\/wp-json\/wp\/v2\/posts\/878\/revisions"}],"predecessor-version":[{"id":1052,"href":"http:\/\/stanek.ch\/wordpress\/wp-json\/wp\/v2\/posts\/878\/revisions\/1052"}],"wp:attachment":[{"href":"http:\/\/stanek.ch\/wordpress\/wp-json\/wp\/v2\/media?parent=878"}],"wp:term":[{"taxonomy":"category","embeddable":true,"href":"http:\/\/stanek.ch\/wordpress\/wp-json\/wp\/v2\/categories?post=878"},{"taxonomy":"post_tag","embeddable":true,"href":"http:\/\/stanek.ch\/wordpress\/wp-json\/wp\/v2\/tags?post=878"}],"curies":[{"name":"wp","href":"https:\/\/api.w.org\/{rel}","templated":true}]}}