{"id":8337,"date":"2019-07-31T16:05:26","date_gmt":"2019-07-31T15:05:26","guid":{"rendered":"http:\/\/stanek.ch\/wordpress\/?p=8337"},"modified":"2019-11-12T22:05:33","modified_gmt":"2019-11-12T21:05:33","slug":"goldauer-herbstvortrag-am-8-11-2019-neues-aus-dem-weltraum","status":"publish","type":"post","link":"http:\/\/stanek.ch\/wordpress\/vortragehistory\/2019\/07\/goldauer-herbstvortrag-am-8-11-2019-neues-aus-dem-weltraum\/","title":{"rendered":"Goldauer Herbstvortrag am 8.11.2019: Neues aus dem Weltraum"},"content":{"rendered":"<p>Der bew\u00e4hrte Ort und die Zeit bleiben wie bei den Referaten der letzten Jahre gleich.<br \/>\nZeit: Freitag, den 8. November 2019 um 20 Uhr, wie immer mit Saal\u00f6ffnung ab 19 Uhr.<br \/>\nOrt: Pfarreizentrum Eichmatt in 6410 Goldau SZ, Rigistrasse ob dem Rigibahnhof. Mit neuem Parkplatz gleich davor. Wenige Minuten zu Fuss ob dem Bahnhof Arth-Goldau.<br \/>\nMit 20 Minuten Pause ca. 21 Uhr f\u00fcr (Kr\u00e4fte schonende \ud83d\ude42 ) Kontakte und Getr\u00e4nkeservice.<br \/>\nKeine Anmeldung n\u00f6tig, Saal gross genug, Abendkasse.<br \/>\n<a href=\"http:\/\/stanek.ch\/wordpress\/vortrageupcoming\/2019\/02\/kurzesttext-zu-referaten-im-50-jubilaumsjahr-der-ersten-mondlandung\/\">K\u00fcrzesttext f\u00fcr Eilige.<\/a><\/p>\n<p>Im ersten Vortragsteil wird es wohl nur noch kurz um das Neueste zu den laufenden Planetenmissionen (Mars, Pluto-Weiterreise zu Ultima Thule&#8230;) gehen, dann wird ausf\u00fchrlich \u00fcber den Stand der Entwicklung des \u00abStarship\u00bb (ex BFS) und des Super Heavy Boosters (ex BFR) berichtet. Sicher schon jetzt: es gibt wieder neues zu den H\u00fcpferfl\u00fcgen mit dem Starship, nicht nur dem kleinen Hopper, in Boca Chica \/ S\u00fcdtexas. Die Planung des ersten Hoch-Suborbitalfluges mit der 100% wiederverwendbaren Riesenrakete ist der n\u00e4chste Markstein. Anschliessend erwartet man 2021 unbemannte Mondumrundungen, \u00e4hnlich derjenigen von Apollo 8 im Jahre 1968, aber noch ohne Astronauten. Dann die ersten weiterf\u00fchrenden Missionen. <\/p>\n<p>Die Dynamik der momentanen Entwicklung hat Freunde (und Feinde bei den \u00fcberholten Konkurrenten&#8230;) bereits mehr verbl\u00fcfft als schon letztes Jahr! Die Medien schauten 2019 aber lieber um 50 Jahre in die Vergangenheit &#8211; hier in Goldau wird einmal die Gegenwart und die absehbare Zukunft zur Kenntnis genommen. Vor allem die SpaceX-Pressekonferenz am 28.\/29. September in Boca Chica TX hat die Herbstvortr\u00e4ge bereits substanziell bereichert. Die meisten neuen Informationen sind schon in meinen Vollprogramm-Vortrag integriert. Vieles l\u00e4sst sich jetzt logischer erkl\u00e4ren, weil es weniger L\u00fccken hat, die zum Verst\u00e4ndnis von &#8222;SpaceX&#8220; noch bestanden hatten.<\/p>\n<p>Schon in den letzten Jahren verb\u00fcffte SpaceX die Welt mit interessanten Entwicklungen bei der Vorbereitung der ersten Testfl\u00fcge mit ihrer gr\u00f6ssten einsatzbereiten Rakete \u00abFalcon Heavy\u00bb. Elon Musk ist der Konkurrenz inzwischen so weit vorausgeeilt, dass er seine Millionen von Fans in aller Welt mehrmals im Jahr auf dem laufenden halten will. Sein Ideenreichtum ist nicht immer leicht zu verfolgen, und der Zweck meiner Vortr\u00e4ge besteht darin, die st\u00e4ndig im Fluss befindlichen Projekte verst\u00e4ndlich auszudeutschen und in zwei Stunden auch zu illustrieren. Dazu geh\u00f6rt der ganzj\u00e4hrige Update des f\u00fcr den Vortrag massgeschneiderten Bildmaterials, denn selten sind so viele Aspekte wie 2019 neu dazugekommen &#8211; oder aus dem Fokus ger\u00fcckt! Die Mainstream-Medien sind &#8211; von Ausnahmen abgesehen &#8211; auf dem Gebiet der Weltraumfahrt l\u00e4ngst nicht mehr eine zuverl\u00e4ssige Informationsquelle.<\/p>\n<p>Der bekannte Modellbauer Rudolf Mohr aus Kollbrunn hat bei seiner Ausstellung jeweils hinten im Saal sicher schon wieder aktuelle Modelle dabei. Seit einigen Jahren tr\u00e4gt er wesentlich zur Ambiance bei! <\/p>\n<p><a href=\"http:\/\/stanek.ch\/wordpress\/wp-content\/uploads\/2018\/11\/Plakat-Entwicklung-2019-web.jpg\"><img loading=\"lazy\" decoding=\"async\" src=\"http:\/\/stanek.ch\/wordpress\/wp-content\/uploads\/2018\/11\/Plakat-Entwicklung-2019-web.jpg\" alt=\"\" title=\"Plakat-Entwicklung-2019-web\" width=\"584\" height=\"840\" class=\"alignnone size-full wp-image-8451\" srcset=\"http:\/\/stanek.ch\/wordpress\/wp-content\/uploads\/2018\/11\/Plakat-Entwicklung-2019-web.jpg 584w, http:\/\/stanek.ch\/wordpress\/wp-content\/uploads\/2018\/11\/Plakat-Entwicklung-2019-web-208x300.jpg 208w\" sizes=\"auto, (max-width: 584px) 100vw, 584px\" \/><\/a><\/p>\n<p><strong>Zuh\u00f6rerfragen, die ich zu beantworten versprochen hatte:<\/strong><\/p>\n<p><em>Du hast kein Wort \u00fcber Blue Origin verloren. Wo stehen die zur Zeit im<br \/>\nWettlauf zum Mond?<br \/>\n<\/em><br \/>\nBlue Origin baut den Startplatz 36 am Cape aus, aber man sieht z.Z. nur Infrastruktur, nichts von der New-Glenn-Rakete. Gerade k\u00fcrzlich habe ich selber gesucht und will mich erst wieder \u00e4ussern, wenn die kritischeren Teile des Projektes von Jeff Bezos sichtbar werden. Wenn man ihm nicht schon \u00e0 fonds perdu Staatsauftr\u00e4ge erteilt h\u00e4tte, w\u00e4re sein kommerzieller Erfolg vielleicht bereits verspielt. Die New Glenn fliegt n\u00e4mlich nicht effizient, das ist technologisch bereits absehbar. Zum Mond wird er noch lange nicht fliegen. Erst muss er in den Orbit kommen und sollte etwas Geld verdienen, sollte Bezos die Raumfahrt nicht nur als Hobby betreiben, was er sich zweifellos leisten k\u00f6nnte.<\/p>\n<p><em>Wenn ich Sie richtig verstanden habe, halten Sie eine Marsmission mit erstmaliger Landung zwischen den Jahren 2025 und 2029 technologisch f\u00fcr m\u00f6glich. Ich nehme an, dass Sie Ihre Prognose auf die Machbarkeit mit Starship von Elon Musk beziehen. Ich frage mich nun, wer die Selektion k\u00fcnftiger Astronauten f\u00fcr eine solche Mission vornimmt und wer die ausgew\u00e4hlten Frauen und M\u00e4nner auf Ihre Aufgaben und Herausforderungen vorbereiten wird? Wird das eher in staatlichen Programmen oder ebenfalls durch private Organisationen geschehen? Laufen diesbez\u00fcglich bereits Vorbereitungen?<\/em><\/p>\n<p>Jawohl! Musk kennt seinen Zeitplan besser als ich. Ich w\u00fcrde erst von seinen Sch\u00e4tzungen abweichen, wenn ich sie als unm\u00f6glich betrachten w\u00fcrde.<br \/>\nZur Frage nach der Astronautenausbildung von SpaceX: Die wird im Moment tats\u00e4chlich oft gestellt &#8211; und noch nirgends beantwortet, weil Musk wohl noch am abkl\u00e4ren ist, wie weit er juristisch einwandfrei gehen kann. Vermutlich strebt er etwas an, was im Luftfahrtrecht Parallelen hat, um von NASA unabh\u00e4ngig zu bleiben, die ihn bisher nur aufzuhalten versucht hat.<\/p>\n<p><em>Mein Freund Peter hat sich w\u00e4hrend der ganzen Heimfahrt gefragt wie Musk zu seinem Verm\u00f6gen gekommen ist?<br \/>\nWie wird auf dem Mars die Ern\u00e4hrung sicher gestellt?<br \/>\nWie wirken sich die \u00abungesunden\u00bb Strahlen auf den Organismus aus?<br \/>\nKohlenstoff und Eis aus dem Marsboden, wie kann man sich den Vorgang vorstellen der durchgef\u00fchrt werden muss bis der Treibstoff in die Tanks gepumpt werden kann?<br \/>\nW\u00e4re es denkbar dass die ersten Menschen auf dem Mars an einem Point of no return angelangt sind?<\/em><\/p>\n<p>1) Ehrlich verdient, begonnen mit einem selber aufgebauten Softwareunternehmen! Kann selten einer sagen. Ein t\u00fcchtiger Milliard\u00e4r, nicht Aktien-Guru-Abrahmer.<br \/>\n2) Mit Raumschiffen, die 100 t Nutzlast haben, bemannt oder unbemannt, hat sich dieses Problem massiv entsch\u00e4rft. Dann kommt die Mars-Landwirtschaft!<br \/>\n3) Die Strahlenbelastung wird von Panikkreisen massiv \u00fcbertrieben, um den Fortschritt zu bremsen. In grossen Raumschiffen und unter dem Boden wird abgeschirmt!<br \/>\n4) Wie im Vortrag schon gesagt: schon gut 2 oder 4 Jahre vor dem ersten bemannten Flug stehen unbemannte Raumschiffe auf Mars, und auch sp\u00e4ter kann man die Crews alle 26 Monate wieder abholen wenn n\u00f6tig, und sogar den R\u00fcckflug k\u00f6nnte man vorg\u00e4ngig unbemannt testen! Einige Jahre vorher sammelt man schon \u00e4hnliche Erfahrungen auf dem Mond.<\/p>\n<p><em>Mit welcher Geschwindigkeit (Fluchtgeschwindigkeit >= 40&#8217;000 km\/h) wird die Rakete von SpaceX zum Mars fliegen?<\/em><\/p>\n<p>Die Energie zu Mars muss schon einiges gr\u00f6sser sein als nur zum Mond oder bis zur Fluchtgeschwindigkeit, aber weil diese mit dem Quadrat der Geschwindigkeit w\u00e4chst, ist sie gar nicht viel gr\u00f6sser als die bekannten 11.2 km\/s! Ausserdem gilt eine wenig intuitive Formel \u00fcber den Zusammenhang von minimaler Fluchtgeschwindigkeit, hyperbolischem Exzess (dem, was noch \u00fcbrigbleibt, wenn man einmal von der Erde weg ist) und der Geschwindigkeit, die es am Anfang bei der Erde noch braucht: was Sie offenbar interessiert:<br \/>\nv = sqrt(11.2^2 + E*E), wobei E bei Mars selbst in einem g\u00fcnstigen Flugjahr selten unter 3 km\/s sinkt und selbst mit dem Starship sicher nur selten \u00fcber 5 km\/s f\u00fcr einen rascheren Hinflug gew\u00e4hlt wird. Das ergibt Werte zwischen etwa 11.6 und 12.2 km\/s. Mit 3600 multipliziert ergeben sich km\/h.<\/p>\n<p><em>Wir hatten eine Diskussion \u00fcber Bilder, die im Internet zu finden sind mit der aufgehenden Erde vom Mond aus gesehen. Ich behauptete, dass das nicht m\u00f6glich ist, da ja der Mond stets die gleiche Seite der Erde zuwendet. Wenn ich also von uns aus gesehen mitten auf dem Mond stehe, sehe ich doch die Erde von dort aus stets auf dem Zenit. Die Erde d\u00fcrfte ja weder auf noch untergehen. Folglich m\u00fcssten ja solche bewegten Bilder ausschliesslich aus einer Kapsel-Umlaufbahn aufgenommen worden sein. Meine Kollegen sind anderer Meinung. Vielleicht k\u00f6nnten Sie mir da Klarheit verschaffen.<br \/>\nEbenso suchte ich schon oft vergebens, wie sich die Erdatmosph\u00e4re z.B. vor 100 Jahren zusammensetzte. Heute ist ja der Anteil von Sauerstoff etwas 21 %. Aendert sich das nicht mit all den Belastungen (Flugzeuge, Autos, Heizungen etc.)?<br \/>\n<\/em><br \/>\nVon einem fixen Punkt auf dem Mond (wie bei Apollo meist nahe der Mitte unserer Mondscheibe) haben Sie schon recht, aber die betreffenden Aufgangs\/Untergangsbilder wurden tats\u00e4chlich aus dem Mondorbit am Mondrand aufgenommen.<br \/>\nMessungen des Sauerstoffgehaltes noch weit vor 100 Jahren werden von datierbaren Bohrkernen aus dem Polareis recht genau gemacht. Sie brauchen da noch nicht Angst zu haben&#8230;<\/p>\n<p>Besten Dank allen Freunden, die auch 2019 wieder zum gut besuchten Vortrag gekommen sind und sich am Fortschritt von SpaceX ebenso gefreut haben wie ich. Dieses Unternehmen scheint uns wirklich zu unseren Lebzeiten noch zum Mond zur\u00fcckzuf\u00fchren &#8211; und im Idealfall sogar zum Mars.<\/p>\n<p>Dieses Jahr verlief der Anlass und die anschliessende Korrespondenz so lebhaft, dass ich ev, nicht jedes einzelne Mail beantwortet oder jedes Geschenk (ev. mangels Adresse?) verdankt habe. Man m\u00f6ge mir das bitte zur Selbstkontrolle mitteilen! Danke so oder so!<\/p>\n","protected":false},"excerpt":{"rendered":"<p>Der bew\u00e4hrte Ort und die Zeit bleiben wie bei den Referaten der letzten Jahre gleich. Zeit: Freitag, den 8. November 2019 um 20 Uhr, wie immer mit Saal\u00f6ffnung ab 19 Uhr. Ort: Pfarreizentrum Eichmatt in 6410 Goldau SZ, Rigistrasse ob &hellip; <a href=\"http:\/\/stanek.ch\/wordpress\/vortragehistory\/2019\/07\/goldauer-herbstvortrag-am-8-11-2019-neues-aus-dem-weltraum\/\">Weiterlesen <span class=\"meta-nav\">&rarr;<\/span><\/a><\/p>\n","protected":false},"author":2,"featured_media":0,"comment_status":"closed","ping_status":"closed","sticky":false,"template":"","format":"standard","meta":{"footnotes":""},"categories":[3,5],"tags":[],"class_list":["post-8337","post","type-post","status-publish","format-standard","hentry","category-vortragehistory","category-raumfahrt"],"_links":{"self":[{"href":"http:\/\/stanek.ch\/wordpress\/wp-json\/wp\/v2\/posts\/8337","targetHints":{"allow":["GET"]}}],"collection":[{"href":"http:\/\/stanek.ch\/wordpress\/wp-json\/wp\/v2\/posts"}],"about":[{"href":"http:\/\/stanek.ch\/wordpress\/wp-json\/wp\/v2\/types\/post"}],"author":[{"embeddable":true,"href":"http:\/\/stanek.ch\/wordpress\/wp-json\/wp\/v2\/users\/2"}],"replies":[{"embeddable":true,"href":"http:\/\/stanek.ch\/wordpress\/wp-json\/wp\/v2\/comments?post=8337"}],"version-history":[{"count":51,"href":"http:\/\/stanek.ch\/wordpress\/wp-json\/wp\/v2\/posts\/8337\/revisions"}],"predecessor-version":[{"id":8448,"href":"http:\/\/stanek.ch\/wordpress\/wp-json\/wp\/v2\/posts\/8337\/revisions\/8448"}],"wp:attachment":[{"href":"http:\/\/stanek.ch\/wordpress\/wp-json\/wp\/v2\/media?parent=8337"}],"wp:term":[{"taxonomy":"category","embeddable":true,"href":"http:\/\/stanek.ch\/wordpress\/wp-json\/wp\/v2\/categories?post=8337"},{"taxonomy":"post_tag","embeddable":true,"href":"http:\/\/stanek.ch\/wordpress\/wp-json\/wp\/v2\/tags?post=8337"}],"curies":[{"name":"wp","href":"https:\/\/api.w.org\/{rel}","templated":true}]}}