{"id":7771,"date":"2018-07-07T13:18:10","date_gmt":"2018-07-07T12:18:10","guid":{"rendered":"http:\/\/stanek.ch\/wordpress\/?p=7771"},"modified":"2019-07-05T21:37:57","modified_gmt":"2019-07-05T20:37:57","slug":"ein-mail-an-einen-freund-zum-50-jahrestag-der-ersten-mondlandung","status":"publish","type":"post","link":"http:\/\/stanek.ch\/wordpress\/weltgeschehen\/2018\/07\/ein-mail-an-einen-freund-zum-50-jahrestag-der-ersten-mondlandung\/","title":{"rendered":"Ein Mail an einen Freund zum 50. Jahrestag der ersten Mondlandung"},"content":{"rendered":"<p>Dein Mail hat mir erstmals schl\u00fcssig erkl\u00e4rt, warum die einen Leute von Apollo-Jubil\u00e4en begeistert sind, und die anderen weniger oder nicht! Das Alter macht den Unterschied! Volles Verst\u00e4ndnis daf\u00fcr, dass f\u00fcr die Jungen >*1963 wie Du der Nostalgie-Effekt spielt, f\u00fcr Leute wie mich, die sich im Studio vielleicht sogar \u00fcberfressen haben an den immer l\u00e4nger dauernden Sendungen bis Apollo 17, war und ist es die Faszination an der Zukunft, dank der man vielleicht nochmals alles und erst noch viel besser erleben kann! <\/p>\n<p>Noch rascher hat man das Thema damals nach geschlagener Schlacht &#8222;ad acta gelegt&#8220;, wenn nicht selber, dann, wenn die Amerika-feindlichen und technophoben Zuschauer und Medienleute endlich eine Gelegenheit fanden, &#8222;genug zu haben&#8220;. Da hiess es &#8222;Wir wissen schon, Herr Schtanek, dass sie sich f\u00fcr das Thema interessieren, aber das ist jetzt vorbei&#8220;. Dann hast du einen zweiten Grund, in den nach wie vor beliebten Vortr\u00e4gen und Sendungen nur noch \u00fcber ferne Planeten und noch ferneres zu sprechen! Raumstationen (Skylab) gingen auch nicht, denn jene Sendungen wurden durch Andr\u00e9 Ratti statt Charles Raedersdorf als Moderator kaputt geschnorrt (Originalton Blick) und Raumstationen waren Dom\u00e4ne auf dem technologischen Niveau der Russen, die pl\u00f6tzlich \u00fcberall wieder besser waren oder zumindest sein mussten. Man war um jeden Vorwand froh, nicht mehr \u00fcber den Sieg der USA beim Rennen zum Mond reden zu m\u00fcssen. <\/p>\n<p>So einfach &#8211; und irrational &#8211; war und ist das! Bevor man diese perversen Mechanismen verstanden hat, wird man nie begreifen k\u00f6nnen, warum Apollo bei mir leicht weniger Begeisterung bewirkt als die privatwirtschaftlich von SpaceX entwickelte BFR\/BFS (umbenannt inzwischen in \u00abSuper Heavy \/ SpaceShip\u00bb), mit der man gleich zum Mond <strong>und<\/strong> zu Mars fliegen kann! F\u00fcr bescheidenere Kosten, gratis f\u00fcr den Steuerzahler und mit weniger Manpower als rund 500&#8217;000, welche die staatliche NASA f\u00fcr Apollo aufgewendet hat, um dann zu schlechter Letzt alle restlichen Raumschiffe in Museen zu versenken und alles Knowhow wieder zu vernichten sowie wohl mehr als die H\u00e4lfte der am Programm besch\u00e4ftigten zu entlassen! Mit Verlaub: was gibt es da zu feiern? Ich bin nicht so egozentrisch, dass ich feiern will, im Lande dank Apollo f\u00fcr ein halbes Jahrhundert popul\u00e4r geworden zu sein&#8230;<\/p>\n<p><em><strong>K\u00fcrzer gesagt:<\/strong> Nach ca. 200 Stunden Apollo-Live-TV 1968-1975 (oder bis 2012?), Vortr\u00e4gen, mehreren B\u00fcchern und (DVD-)Lexika, Moonwalker-Begegnungen und einem gr\u00fcndlichen Filmprojekt fokussiere ich mich auf die Zukunft, um Neues \u00fcber Reisen zum Mond zu erfahren.<\/em><\/p>\n","protected":false},"excerpt":{"rendered":"<p>Dein Mail hat mir erstmals schl\u00fcssig erkl\u00e4rt, warum die einen Leute von Apollo-Jubil\u00e4en begeistert sind, und die anderen weniger oder nicht! Das Alter macht den Unterschied! Volles Verst\u00e4ndnis daf\u00fcr, dass f\u00fcr die Jungen >*1963 wie Du der Nostalgie-Effekt spielt, f\u00fcr &hellip; <a href=\"http:\/\/stanek.ch\/wordpress\/weltgeschehen\/2018\/07\/ein-mail-an-einen-freund-zum-50-jahrestag-der-ersten-mondlandung\/\">Weiterlesen <span class=\"meta-nav\">&rarr;<\/span><\/a><\/p>\n","protected":false},"author":2,"featured_media":0,"comment_status":"closed","ping_status":"closed","sticky":false,"template":"","format":"standard","meta":{"footnotes":""},"categories":[1,5],"tags":[],"class_list":["post-7771","post","type-post","status-publish","format-standard","hentry","category-weltgeschehen","category-raumfahrt"],"_links":{"self":[{"href":"http:\/\/stanek.ch\/wordpress\/wp-json\/wp\/v2\/posts\/7771","targetHints":{"allow":["GET"]}}],"collection":[{"href":"http:\/\/stanek.ch\/wordpress\/wp-json\/wp\/v2\/posts"}],"about":[{"href":"http:\/\/stanek.ch\/wordpress\/wp-json\/wp\/v2\/types\/post"}],"author":[{"embeddable":true,"href":"http:\/\/stanek.ch\/wordpress\/wp-json\/wp\/v2\/users\/2"}],"replies":[{"embeddable":true,"href":"http:\/\/stanek.ch\/wordpress\/wp-json\/wp\/v2\/comments?post=7771"}],"version-history":[{"count":10,"href":"http:\/\/stanek.ch\/wordpress\/wp-json\/wp\/v2\/posts\/7771\/revisions"}],"predecessor-version":[{"id":9080,"href":"http:\/\/stanek.ch\/wordpress\/wp-json\/wp\/v2\/posts\/7771\/revisions\/9080"}],"wp:attachment":[{"href":"http:\/\/stanek.ch\/wordpress\/wp-json\/wp\/v2\/media?parent=7771"}],"wp:term":[{"taxonomy":"category","embeddable":true,"href":"http:\/\/stanek.ch\/wordpress\/wp-json\/wp\/v2\/categories?post=7771"},{"taxonomy":"post_tag","embeddable":true,"href":"http:\/\/stanek.ch\/wordpress\/wp-json\/wp\/v2\/tags?post=7771"}],"curies":[{"name":"wp","href":"https:\/\/api.w.org\/{rel}","templated":true}]}}