{"id":761,"date":"2011-10-28T09:26:05","date_gmt":"2011-10-28T08:26:05","guid":{"rendered":"http:\/\/stanek.ch\/wordpress\/?p=761"},"modified":"2012-02-25T22:10:33","modified_gmt":"2012-02-25T21:10:33","slug":"28-oktober-vortrag-in-dietwil-ag","status":"publish","type":"post","link":"http:\/\/stanek.ch\/wordpress\/vortragehistory\/2011\/10\/28-oktober-vortrag-in-dietwil-ag\/","title":{"rendered":"28. Oktober 2011 Vortrag in Dietwil AG"},"content":{"rendered":"<p>Wie im oberen Freiamt nicht anders erwartet, wurde es ein festlicher Abend zur Erheiterung vieler Besucher. Nach Saal\u00f6ffnung um 19 Uhr und Vortragsbeginn um 20 Uhr blieb viel Zeit f\u00fcr eine Pause und Publikumskontakten mit alten Bekannten, die man sonst viel zu selten sieht.  Anschliessend Ausklang mit Diskussion in der \u00abSternenbar\u00bb. Organisiert von der Kulturkommission Dietwil in der Mehrzweckhalle. Dekoriert mit den immer wieder neuen Raumschiffmodellen von Rudolf Mohr aus Kollbrunn.<br \/>\nThema waren Resultate der aktuellen Raumsonden bei Merkur Mars, Saturn und dem Planetoiden Vesta. Neues auch von den noch unterwegs befindlichen Sonden zu Jupiter und Pluto. Umgestaltung der bemannten Raumfahrt nach der Ausserbetriebnahme der Space Shuttles und erste Erfolgen bei der Privatisierung der Astronautentransporte ins All und der bevorstehende Beginn des Weltraumtourismus. Zum Schluss blieb noch Zeit f\u00fcr den eindr\u00fccklichen Projektfilm zum bevorstehenden Start des nuklear betriebenen und mobilen &#8222;Mars Science Lab&#8220;, das auf den Start in vier Wochen wartet. Viele Zuh\u00f6rer wollen auch beim Vortrag in Goldau am 18. November wieder dabei sein.<br \/>\nDer alle Anwesenden begeisternde Abend dauerte sogar f\u00fcr mich bis gegen Mitternacht, und f\u00fcr einige Dietwiler sicher noch l\u00e4nger&#8230; Vortragskultur vom Feinsten, so, wie ich sie nunmehr seit 43 Jahren liebe. Dank sei dem Pr\u00e4sidenten der Kulturkommission, Walti Meier!<\/p>\n","protected":false},"excerpt":{"rendered":"<p>Wie im oberen Freiamt nicht anders erwartet, wurde es ein festlicher Abend zur Erheiterung vieler Besucher. Nach Saal\u00f6ffnung um 19 Uhr und Vortragsbeginn um 20 Uhr blieb viel Zeit f\u00fcr eine Pause und Publikumskontakten mit alten Bekannten, die man sonst &hellip; <a href=\"http:\/\/stanek.ch\/wordpress\/vortragehistory\/2011\/10\/28-oktober-vortrag-in-dietwil-ag\/\">Weiterlesen <span class=\"meta-nav\">&rarr;<\/span><\/a><\/p>\n","protected":false},"author":2,"featured_media":0,"comment_status":"closed","ping_status":"closed","sticky":false,"template":"","format":"standard","meta":{"footnotes":""},"categories":[3],"tags":[],"class_list":["post-761","post","type-post","status-publish","format-standard","hentry","category-vortragehistory"],"_links":{"self":[{"href":"http:\/\/stanek.ch\/wordpress\/wp-json\/wp\/v2\/posts\/761","targetHints":{"allow":["GET"]}}],"collection":[{"href":"http:\/\/stanek.ch\/wordpress\/wp-json\/wp\/v2\/posts"}],"about":[{"href":"http:\/\/stanek.ch\/wordpress\/wp-json\/wp\/v2\/types\/post"}],"author":[{"embeddable":true,"href":"http:\/\/stanek.ch\/wordpress\/wp-json\/wp\/v2\/users\/2"}],"replies":[{"embeddable":true,"href":"http:\/\/stanek.ch\/wordpress\/wp-json\/wp\/v2\/comments?post=761"}],"version-history":[{"count":16,"href":"http:\/\/stanek.ch\/wordpress\/wp-json\/wp\/v2\/posts\/761\/revisions"}],"predecessor-version":[{"id":1318,"href":"http:\/\/stanek.ch\/wordpress\/wp-json\/wp\/v2\/posts\/761\/revisions\/1318"}],"wp:attachment":[{"href":"http:\/\/stanek.ch\/wordpress\/wp-json\/wp\/v2\/media?parent=761"}],"wp:term":[{"taxonomy":"category","embeddable":true,"href":"http:\/\/stanek.ch\/wordpress\/wp-json\/wp\/v2\/categories?post=761"},{"taxonomy":"post_tag","embeddable":true,"href":"http:\/\/stanek.ch\/wordpress\/wp-json\/wp\/v2\/tags?post=761"}],"curies":[{"name":"wp","href":"https:\/\/api.w.org\/{rel}","templated":true}]}}