{"id":7467,"date":"2018-04-10T17:04:56","date_gmt":"2018-04-10T16:04:56","guid":{"rendered":"http:\/\/stanek.ch\/wordpress\/?p=7467"},"modified":"2018-04-10T18:03:41","modified_gmt":"2018-04-10T17:03:41","slug":"ein-messer-mit-dem-schneideprofil-in-der-form-der-marsgebirge","status":"publish","type":"post","link":"http:\/\/stanek.ch\/wordpress\/weltgeschehen\/2018\/04\/ein-messer-mit-dem-schneideprofil-in-der-form-der-marsgebirge\/","title":{"rendered":"Ein Messer mit dem Schneideprofil in der Form der Marsgebirge?!"},"content":{"rendered":"<p>Ja, das gibt&#8217;s, nachdem ein \u00e4hnliches Produkt mit dem Alpenpanorama schon viele Liebhaber und Sammler origineller Gegenst\u00e4nde gefunden hat. Das Produkt ist nat\u00fcrlich auf dieser <a href=\"https:\/\/www.panoramaknife.ch\/de\/\">Homepage<\/a> zu finden!<\/p>\n<p><a href=\"http:\/\/stanek.ch\/wordpress\/wp-content\/uploads\/2018\/04\/Mars-Panorama-Knive.jpg\"><img loading=\"lazy\" decoding=\"async\" src=\"http:\/\/stanek.ch\/wordpress\/wp-content\/uploads\/2018\/04\/Mars-Panorama-Knive.jpg\" alt=\"\" title=\"Mars-Panorama-Knive\" width=\"1576\" height=\"1080\" class=\"alignnone size-full wp-image-7468\" srcset=\"http:\/\/stanek.ch\/wordpress\/wp-content\/uploads\/2018\/04\/Mars-Panorama-Knive.jpg 1576w, http:\/\/stanek.ch\/wordpress\/wp-content\/uploads\/2018\/04\/Mars-Panorama-Knive-300x205.jpg 300w, http:\/\/stanek.ch\/wordpress\/wp-content\/uploads\/2018\/04\/Mars-Panorama-Knive-1024x701.jpg 1024w\" sizes=\"auto, (max-width: 1576px) 100vw, 1576px\" \/><\/a><\/p>\n","protected":false},"excerpt":{"rendered":"<p>Ja, das gibt&#8217;s, nachdem ein \u00e4hnliches Produkt mit dem Alpenpanorama schon viele Liebhaber und Sammler origineller Gegenst\u00e4nde gefunden hat. Das Produkt ist nat\u00fcrlich auf dieser Homepage zu finden!<\/p>\n","protected":false},"author":2,"featured_media":0,"comment_status":"closed","ping_status":"closed","sticky":false,"template":"","format":"standard","meta":{"footnotes":""},"categories":[1],"tags":[],"class_list":["post-7467","post","type-post","status-publish","format-standard","hentry","category-weltgeschehen"],"_links":{"self":[{"href":"http:\/\/stanek.ch\/wordpress\/wp-json\/wp\/v2\/posts\/7467","targetHints":{"allow":["GET"]}}],"collection":[{"href":"http:\/\/stanek.ch\/wordpress\/wp-json\/wp\/v2\/posts"}],"about":[{"href":"http:\/\/stanek.ch\/wordpress\/wp-json\/wp\/v2\/types\/post"}],"author":[{"embeddable":true,"href":"http:\/\/stanek.ch\/wordpress\/wp-json\/wp\/v2\/users\/2"}],"replies":[{"embeddable":true,"href":"http:\/\/stanek.ch\/wordpress\/wp-json\/wp\/v2\/comments?post=7467"}],"version-history":[{"count":10,"href":"http:\/\/stanek.ch\/wordpress\/wp-json\/wp\/v2\/posts\/7467\/revisions"}],"predecessor-version":[{"id":7478,"href":"http:\/\/stanek.ch\/wordpress\/wp-json\/wp\/v2\/posts\/7467\/revisions\/7478"}],"wp:attachment":[{"href":"http:\/\/stanek.ch\/wordpress\/wp-json\/wp\/v2\/media?parent=7467"}],"wp:term":[{"taxonomy":"category","embeddable":true,"href":"http:\/\/stanek.ch\/wordpress\/wp-json\/wp\/v2\/categories?post=7467"},{"taxonomy":"post_tag","embeddable":true,"href":"http:\/\/stanek.ch\/wordpress\/wp-json\/wp\/v2\/tags?post=7467"}],"curies":[{"name":"wp","href":"https:\/\/api.w.org\/{rel}","templated":true}]}}