{"id":717,"date":"2011-11-18T10:47:52","date_gmt":"2011-11-18T09:47:52","guid":{"rendered":"http:\/\/stanek.ch\/wordpress\/?p=717"},"modified":"2012-02-25T22:10:14","modified_gmt":"2012-02-25T21:10:14","slug":"18-november-2011-bruno-staneks-herbstvortrag-in-goldau","status":"publish","type":"post","link":"http:\/\/stanek.ch\/wordpress\/vortragehistory\/2011\/11\/18-november-2011-bruno-staneks-herbstvortrag-in-goldau\/","title":{"rendered":"18. November 2011: Bruno Stanek&#8217;s Herbstvortrag in Goldau"},"content":{"rendered":"<p>Das Vollprogramm mit Aktuellem zur bemannten und unbemannten Raumfahrt sowie die schon traditionelle kleine Ausstellung mit aktuellen Raumschiffmodellen von Rudolf Mohr und Bruno EnderLee&#8217;s Musikprogramm sorgten f\u00fcr einen gut besetzten Saal. Schon ab etwa 19:30 begann der Vorfilm \u00fcber spannende Episoden der Raumfahrt, mit Synthesizier-Melodien live von Bruno Ender Lee untermalt &#8211; wie 2010. Dabei selten bis nie Gesehenes: Sojus-Start in hoher Aufl\u00f6sung, ebenso Shuttle-Start, Szenen aus der ISS, Pistenlandung eines der letzten Orbiter und nat\u00fcrlich die einmaligen Mars-Landschaftsfilme vom Boden und aus dem Orbit! Vor der Pause kurz vor 21:30 ging es um die Aktualit\u00e4ten des Weltraumjahres 2011. Derzeit waren die erfolgte Ankunft der seit lahren unterwegs befindlichen Sonden Dawn und Messenger bei Planetoid Vesta bzw. Merkur ein Thema. Juno zu Jupiter ist noch bis 2016 unterwegs und &#8222;Pluto Express&#8220; ist schon mehr als zweimal n\u00e4her bei Pluto als von der Erde! Der neue Rover Mars Science Lab stand eine Woche vor dem Abschuss, und am Morgen des Vortrages wurde die bereits auf der Atlas-5-Rakete montierte Sonde MGS an die Stromversorgung einer der bew\u00e4hrten &#8222;Nuklearsteckdosen&#8220; angeschlossen. Ferner ging es um die bemannte Raumfahrt nach der Ausserbetriebnahme der Space Shuttles  und den Bau neuer Raumkapseln durch die NASA und die Privatindustrie. Letztere bereitet die kommerziellen Aktivit\u00e4ten auf dem Weg zu privaten Astronautentransporten in den Orbit vor. Mit Virgin Galactic beginnt demn\u00e4chst der Weltraumtourismus mit suborbitalen Fl\u00fcgen in 100 und mehr km H\u00f6he. Die Beantwortung von Publikumsfragen fand vor allem im pers\u00f6nlichen Rahmen in der Pause und am Schluss statt. Im zweiten Teil nach der Pause wurde der in Full HD produzierte Videofilm &#8222;Leben im All&#8220; gezeigt. Dieser kam dank dem Full-HD-Beamer von AVdistribution in H\u00fcnenberg (herzlich verdankt!!) voll zur Geltung. Die im Jahre 2011 eingetroffenen Resultate des Kepler-Teleskopes zur Suche nach extrasolaren Planeten wurden hier bereits mit sensationellen Animationen illustriert, nachdem die komplexen Forschungsmethoden vorg\u00e4ngig mit hoch aufl\u00f6senden Trickfilmen erl\u00e4utert worden waren. Stanek zeigte bereits den Anfang des Fortsetzungsfilmes, der im Verlaufe von 2012 erg\u00e4nzt werden wird. Der Abend dauerte bis zur Verabschiedung der letzten Besucher bis \u00fcber 23 Uhr hinaus.<\/p>\n<p><a href=\"http:\/\/stanek.ch\/wordpress\/wp-content\/uploads\/2011\/04\/Plakat-Vortrag-Goldau-2011webBig.jpg\"><img loading=\"lazy\" decoding=\"async\" class=\"alignnone size-full wp-image-966\" title=\"Plakat-Vortrag-Goldau-2011webBig\" src=\"http:\/\/stanek.ch\/wordpress\/wp-content\/uploads\/2011\/04\/Plakat-Vortrag-Goldau-2011webBig.jpg\" alt=\"\" width=\"534\" height=\"768\" srcset=\"http:\/\/stanek.ch\/wordpress\/wp-content\/uploads\/2011\/04\/Plakat-Vortrag-Goldau-2011webBig.jpg 534w, http:\/\/stanek.ch\/wordpress\/wp-content\/uploads\/2011\/04\/Plakat-Vortrag-Goldau-2011webBig-208x300.jpg 208w\" sizes=\"auto, (max-width: 534px) 100vw, 534px\" \/><\/a><\/p>\n<p><a href=\"http:\/\/stanek.ch\/wordpress\/wp-content\/uploads\/2011\/04\/EnderLeeSynthies.jpg\"><img loading=\"lazy\" decoding=\"async\" class=\"alignnone size-full wp-image-1143\" title=\"EnderLeeSynthies\" src=\"http:\/\/stanek.ch\/wordpress\/wp-content\/uploads\/2011\/04\/EnderLeeSynthies.jpg\" alt=\"\" width=\"800\" height=\"600\" srcset=\"http:\/\/stanek.ch\/wordpress\/wp-content\/uploads\/2011\/04\/EnderLeeSynthies.jpg 800w, http:\/\/stanek.ch\/wordpress\/wp-content\/uploads\/2011\/04\/EnderLeeSynthies-300x225.jpg 300w\" sizes=\"auto, (max-width: 800px) 100vw, 800px\" \/><\/a><\/p>\n<p>Audio-Trailer zum Vortrag bei Radio Central mit Vorschau des Referenten:<\/p>\n<p><a href=\"http:\/\/stanek.ch\/wordpress\/wp-content\/uploads\/2011\/11\/TrailerCentral1.mp3\">TrailerCentral<\/a><\/p>\n","protected":false},"excerpt":{"rendered":"<p>Das Vollprogramm mit Aktuellem zur bemannten und unbemannten Raumfahrt sowie die schon traditionelle kleine Ausstellung mit aktuellen Raumschiffmodellen von Rudolf Mohr und Bruno EnderLee&#8217;s Musikprogramm sorgten f\u00fcr einen gut besetzten Saal. Schon ab etwa 19:30 begann der Vorfilm \u00fcber spannende &hellip; <a href=\"http:\/\/stanek.ch\/wordpress\/vortragehistory\/2011\/11\/18-november-2011-bruno-staneks-herbstvortrag-in-goldau\/\">Weiterlesen <span class=\"meta-nav\">&rarr;<\/span><\/a><\/p>\n","protected":false},"author":2,"featured_media":0,"comment_status":"closed","ping_status":"open","sticky":false,"template":"","format":"standard","meta":{"footnotes":""},"categories":[3],"tags":[],"class_list":["post-717","post","type-post","status-publish","format-standard","hentry","category-vortragehistory"],"_links":{"self":[{"href":"http:\/\/stanek.ch\/wordpress\/wp-json\/wp\/v2\/posts\/717","targetHints":{"allow":["GET"]}}],"collection":[{"href":"http:\/\/stanek.ch\/wordpress\/wp-json\/wp\/v2\/posts"}],"about":[{"href":"http:\/\/stanek.ch\/wordpress\/wp-json\/wp\/v2\/types\/post"}],"author":[{"embeddable":true,"href":"http:\/\/stanek.ch\/wordpress\/wp-json\/wp\/v2\/users\/2"}],"replies":[{"embeddable":true,"href":"http:\/\/stanek.ch\/wordpress\/wp-json\/wp\/v2\/comments?post=717"}],"version-history":[{"count":21,"href":"http:\/\/stanek.ch\/wordpress\/wp-json\/wp\/v2\/posts\/717\/revisions"}],"predecessor-version":[{"id":1317,"href":"http:\/\/stanek.ch\/wordpress\/wp-json\/wp\/v2\/posts\/717\/revisions\/1317"}],"wp:attachment":[{"href":"http:\/\/stanek.ch\/wordpress\/wp-json\/wp\/v2\/media?parent=717"}],"wp:term":[{"taxonomy":"category","embeddable":true,"href":"http:\/\/stanek.ch\/wordpress\/wp-json\/wp\/v2\/categories?post=717"},{"taxonomy":"post_tag","embeddable":true,"href":"http:\/\/stanek.ch\/wordpress\/wp-json\/wp\/v2\/tags?post=717"}],"curies":[{"name":"wp","href":"https:\/\/api.w.org\/{rel}","templated":true}]}}