{"id":7010,"date":"2018-10-06T09:31:25","date_gmt":"2018-10-06T08:31:25","guid":{"rendered":"http:\/\/stanek.ch\/wordpress\/?p=7010"},"modified":"2018-11-06T16:03:52","modified_gmt":"2018-11-06T15:03:52","slug":"goldauer-herbstvortrag-am-2-11-2018","status":"publish","type":"post","link":"http:\/\/stanek.ch\/wordpress\/vortragehistory\/2018\/10\/goldauer-herbstvortrag-am-2-11-2018\/","title":{"rendered":"Goldauer Herbstvortrag am 2.11.2018: Neues aus dem Weltraum"},"content":{"rendered":"<p><em><strong>R\u00fcckblick:<\/strong> <a href=\"http:\/\/stanek.ch\/wordpress\/wp-content\/uploads\/2018\/11\/Saalfoto.jpg\">Dank den vielen lieben Bekannten im Publikum<\/a>, dem \u00fcberdurchschnittlichen Niveau der Zuh\u00f6rer und meiner Top-Form heute f\u00fcr den Vortrag habe ich den Eindruck, diese Sternstunden seien nicht nur mir in nachhaltiger Erinnerung geblieben! Wenn ich die Namen der anwesenden Pers\u00f6nlichkeiten nennen d\u00fcrfte, dann w\u00e4ren alle Anwesenden genau so \u00fcberw\u00e4ltigt wie ich, dass ich an einem Weltraumvortrag im hohen Alter nochmals soo viel Freude haben durfte! Meine Frau, die eher mehr Zeit als ich f\u00fcr pers\u00f6nliche Begegnungen hatte, \u00e4usserte sich nicht minder begeistert. Der einzige Frust wird am Ende vielleicht noch darin bestehen, dass ich mich nicht bei allen G\u00e4sten (auch f\u00fcr Geschenke!) pers\u00f6nlich bedanken und einige Diskussionen nicht mehr l\u00e4nger fortsetzen konnte&#8230; <a href=\"http:\/\/stanek.ch\/wordpress\/wp-content\/uploads\/2018\/11\/Ueberglick-Modelle-Ruedi-Mohr-Goldau.jpg\">Besonderer Dank gilt dem Modellbauer und Aussteller Rudolf Mohr aus Kollbrunn, der einmal mehr im hinteren Saalteil seine inzwischen praktisch vollst\u00e4ndige Sammlung von aktuellen und historischen Raketen, Raumschiffen und der Raumstation gezeigt hat. <\/a>Grosse Freude auch, dass u.v.a. erneut die drei leitenden Mitglieder der Schweizer Raumfahrtvereinigung SRV in Goldau erschienen sind, um das Thema aktuelle Raumfahrt unter Gleichgesinnten zu zelebrieren.<\/em><\/p>\n<p><a href=\"http:\/\/stanek.ch\/wordpress\/wp-content\/uploads\/2018\/02\/Plakat-Entwicklung-2018-web.jpg\">Das Plakat spiegelt noch nicht einmal alle aktuellen Themen vom Herbst 2018!<\/a><br \/>\nBitte beachten Sie auch die Zusatzbemerkungen am Schluss dieser Vorschau. Nur der bew\u00e4hrte Ort und die Zeit bleiben wie bei den Referaten der letzten Jahre gleich, aber wenn so viele unerwartete und weiterhin spektakul\u00e4re technologische Durchbr\u00fcche erzielt werden wie 2017, dann werden es auch 2018 faszinierende Sternstunden. Viel Neues erwartete man vom IAF-Kongress, dieses Jahr in Bremen, der vier Wochen zuvor stattfindet und wo Elon Musk hoffentlich erneut \u00fcber den Stand seines Marsprojektes und die Entwicklung der Riesenrakete BFR berichtet &#8211; falls er Zeit findet, zu erscheinen! Dies ist an sich nicht n\u00f6tig, denn Musk hat inzwischen noch effizientere Publikationsorgane als einen internationalen Kongress, und so war es dann auch. Abermals hat sein Marsprojekt wichtige Erweiterungen erfahren. Nachdem der Ort f\u00fcr den Bau der BFR im Hafen von Los Angeles jetzt feststeht, erwartet man erste Bilder und Informationen zum dortigen \u00abCampus\u00bb mit einer geplanten einmaligen Atmosph\u00e4re f\u00fcr die Besch\u00e4ftigten. Noch mehr ist man gespannt \u00fcber den Zeitplan der H\u00fcpferfl\u00fcge ab 2019, mit der man die Rakete in kleinen Schritten von Start bis Landung entwickeln will &#8211; ein absolutes Novum in der Raumfahrtgeschichte, das eher an die Flugzeugindustrie erinnert. Gleichzeitig laufen die Bestrebungen bei SpaceX, die neueste Version der Falcon-9-Rakete weitgehend wartungsfrei in immer k\u00fcrzeren Abst\u00e4nden zu starten und damit die Mittel f\u00fcr die k\u00fcnftigen Projekte selber zu erarbeiten.<br \/>\nSelbstverst\u00e4ndlich wird auch \u00fcber den Stand der in den R\u00fcckstand geratenen NASA-Programme im bemannten Sektor berichtet &#8211; und einige herausragende der nach wie vor spannenden Resultate der Planetenforschung, die aber haupts\u00e4chlich Programme von Hochschulinstituten im Auftrag der NASA sind. In den letzten paar Monaten sind infolge des technischen und wirtschaftlichen Erfolges von SpaceX bisher unumst\u00f6sslich erachtete Gegebenheiten von der NASA bis zur russischen Raumfahrt in Fluss geraten oder bereits ganz aufgehoben worden. Dies k\u00f6nnte sehr wohl bedeuten, dass die Fortschritte in der Raumfahrt k\u00fcnftig noch schneller ablaufen, weil NASA, wie bei der unbemannten Raumfahrt, lernt, noch besser mit der innovativen Privatindustrie zusammenzuarbeiten.<br \/>\nZeit: Freitag, den 2. November 2018 um 20 Uhr, wie immer mit Saal\u00f6ffnung ab 19 Uhr.<br \/>\nOrt: Pfarreizentrum Eichmatt in 6410 Goldau SZ, Rigistrasse ob dem Rigibahnhof.<br \/>\nMit 20 Minuten Pause ca. 21 Uhr f\u00fcr (Kr\u00e4fte schonende \ud83d\ude42 ) Kontakte und Getr\u00e4nkeservice. Der Vortrag fordert n\u00e4mlich allseits einiges an Konzentration&#8230;<br \/>\nKeine Anmeldung n\u00f6tig, Saal gross genug, Abendkasse.<\/p>\n","protected":false},"excerpt":{"rendered":"<p>R\u00fcckblick: Dank den vielen lieben Bekannten im Publikum, dem \u00fcberdurchschnittlichen Niveau der Zuh\u00f6rer und meiner Top-Form heute f\u00fcr den Vortrag habe ich den Eindruck, diese Sternstunden seien nicht nur mir in nachhaltiger Erinnerung geblieben! Wenn ich die Namen der anwesenden &hellip; <a href=\"http:\/\/stanek.ch\/wordpress\/vortragehistory\/2018\/10\/goldauer-herbstvortrag-am-2-11-2018\/\">Weiterlesen <span class=\"meta-nav\">&rarr;<\/span><\/a><\/p>\n","protected":false},"author":2,"featured_media":0,"comment_status":"closed","ping_status":"open","sticky":false,"template":"","format":"standard","meta":{"footnotes":""},"categories":[3,5],"tags":[],"class_list":["post-7010","post","type-post","status-publish","format-standard","hentry","category-vortragehistory","category-raumfahrt"],"_links":{"self":[{"href":"http:\/\/stanek.ch\/wordpress\/wp-json\/wp\/v2\/posts\/7010","targetHints":{"allow":["GET"]}}],"collection":[{"href":"http:\/\/stanek.ch\/wordpress\/wp-json\/wp\/v2\/posts"}],"about":[{"href":"http:\/\/stanek.ch\/wordpress\/wp-json\/wp\/v2\/types\/post"}],"author":[{"embeddable":true,"href":"http:\/\/stanek.ch\/wordpress\/wp-json\/wp\/v2\/users\/2"}],"replies":[{"embeddable":true,"href":"http:\/\/stanek.ch\/wordpress\/wp-json\/wp\/v2\/comments?post=7010"}],"version-history":[{"count":55,"href":"http:\/\/stanek.ch\/wordpress\/wp-json\/wp\/v2\/posts\/7010\/revisions"}],"predecessor-version":[{"id":8225,"href":"http:\/\/stanek.ch\/wordpress\/wp-json\/wp\/v2\/posts\/7010\/revisions\/8225"}],"wp:attachment":[{"href":"http:\/\/stanek.ch\/wordpress\/wp-json\/wp\/v2\/media?parent=7010"}],"wp:term":[{"taxonomy":"category","embeddable":true,"href":"http:\/\/stanek.ch\/wordpress\/wp-json\/wp\/v2\/categories?post=7010"},{"taxonomy":"post_tag","embeddable":true,"href":"http:\/\/stanek.ch\/wordpress\/wp-json\/wp\/v2\/tags?post=7010"}],"curies":[{"name":"wp","href":"https:\/\/api.w.org\/{rel}","templated":true}]}}