{"id":6635,"date":"2017-08-17T13:41:47","date_gmt":"2017-08-17T12:41:47","guid":{"rendered":"http:\/\/stanek.ch\/wordpress\/?p=6635"},"modified":"2024-07-24T20:19:35","modified_gmt":"2024-07-24T19:19:35","slug":"eine-zuschauerfrage-ab-wann-wurde-in-der-schweiz-tv-farbig-gesendet","status":"publish","type":"post","link":"http:\/\/stanek.ch\/wordpress\/weltgeschehen\/2017\/08\/eine-zuschauerfrage-ab-wann-wurde-in-der-schweiz-tv-farbig-gesendet\/","title":{"rendered":"Eine Zuschauerfrage: ab wann wurde in der Schweiz TV farbig gesendet?"},"content":{"rendered":"<p>Ein Zuschauer wollte von mir k\u00fcrzlich genau wissen, wie das Farbfernsehen in der Schweiz und Deutschland begonnen hatte. Beni Thurnheer habe am 24. August 2017 im Nachtclub auf DRS 1 \u00fcber das Fernsehen in fr\u00fcheren Zeiten gesprochen. Unter anderem habe das Farbfernsehen 1973 begonnen, was doch nicht stimmen k\u00f6nne, denn er habe schon die Apollo-Sendungen um einiges fr\u00fcher in Farbe verfolgt! Beni&#8217;s Beitrag wurde sogar zwei Tage sp\u00e4ter im Morgenradio nochmals wiederholt. Hier also meine eigenen Erinnerungen, wie ich sie dem Zuschauer mitgeteilt habe:<\/p>\n<p>Sogar das deutsche Fernsehen hat noch etwas vor uns angefangen, und die Zahl 1967 w\u00fcrde etwa f\u00fcr die Schweiz stimmen. Da wurden bei uns die ersten Farbkameras f\u00fcr jeweils eine halbe Million Franken angeschafft, und 1967 begann auch das Werbefernsehen &#8211; von Anfang an farbig! F\u00fcr mich begann das Fernsehen am 22. Oktober 1968 mit der Landesendung von Apollo 7. Wir hatten zwei Studios im Bellerive Z\u00fcrich, das kleine \u00abfarbige\u00bb Touricop-Studio mit 2 (oder 3?) Kameras, und das gr\u00f6ssere Schwarzweiss-Studio von 1953, die ehemalige Tennishalle im Bellerive. Von dort sendete man, wenn mehr Leute Platz finden mussten als Charles Raedersdorf und ich. Apollo haben wir von Anfang an farbig gesendet, wie alles von Eurovision \u00fcbernommene. Wenn die Schweizer (und offenbar Beni) immer noch von Schwarzweiss sprechen (weil sie zuhause ev. noch einen Schwarzweissfernseher hatten&#8230;), so verwechseln sie das auch mit den Kameras vom Mond bis und mit Apollo 11. Apollo 12 hatte zwar erstmals eine farbige Mondkamera, aber die \u00abschaute\u00bb dooferweise kurz in die Sonne und war gleich kaputt. Bei Apollo 13 kam es nicht zur Landung und erst Apollo 14 lieferte live farbiges vom Mond, wenn auch qualitativ nicht so gut wie die 16mm-Filme, die aber jeweils erst nach der Landung gezeigt werden konnten. Daher war ich so scharf auf jene und habe heute etwa 80 GB davon, deren beste ich im Film <a href=\"http:\/\/stanek.ch\/wordpress\/wp-content\/uploads\/2013\/05\/PlakatZuerich2013Web.jpg\">\u00abFlugjahre zum Mond\u00bb<\/a> verwendet habe. <\/p>\n<p>Apollo 17 war \u00fcbrigens die allerletzte Sendung, deren Zusammenfassung das Schweizer Fernsehen vom Touricop-Studio ausstrahlte, und zwar am 24. Dezember 1972. Alles \u00fcbrige wurde zu diesem Zeitpunkt bereits in den Leutschenbach-Studios in Z\u00fcrich Seebach produziert. Die Tagesschau wurde aber noch w\u00e4hrend Jahren schwarzweiss ausgestrahlt, und auch meine Abendsendung mit der (echten) Apollo-13-Crew aus dem schwarzweissen Bundeshausstudio in Bern (Oktober 1970) ist daher bis heute nicht farbig erhalten.<\/p>\n<p>Nicht lange ist&#8217;s her, seit ich ein St\u00fcck farbiges Studio-Video von Apollo 12 entdeckt habe, denn damals konnte man zwar im Studio schon schwarzweiss auf 2-Zoll-B\u00e4nder aufzeichnen, aber im \u00fcbrigen nur farbig ausstrahlen! Nun hatte aber ein Zuschauer ein St\u00fcck per Stativ ganz gut ab Bildschirm auf 16mm-gefilmt, und dieses habe ich k\u00fcrzlich im Internet entdeckt. Die paar einigermassen brauchbaren Frames habe ich (weil&#8217;s nix besseres gibt) als Collage verewigt. Ein ganz rares Dokument vom November 1969!<\/p>\n<p>Was die meisten Europ\u00e4er nicht mehr wissen: das Fernsehen hat in den USA 1948 angefangen und bereits 1955 (!) farbig. Ich habe dort 1965 erstmals Farbiges \u00fcberhaupt gesehen. W\u00e4hrend man bei uns erst ab Apollo 14 (1971) die 2-Zoll-B\u00e4nder aufbewahrt hat (weil sie so teuer waren) habe ich in den USA vor Weihnachten einmal reihenweise die unglaublich romantischsten Weihnachtssendungen aus den F\u00fcnfzigerjahren gesehen &#8211; alle schon farbig!! Die \u00abkulturlosen\u00bb USA haben noch alles. Bei uns ist viel Kultur f\u00fcr immer verschwunden.<\/p>\n","protected":false},"excerpt":{"rendered":"<p>Ein Zuschauer wollte von mir k\u00fcrzlich genau wissen, wie das Farbfernsehen in der Schweiz und Deutschland begonnen hatte. Beni Thurnheer habe am 24. August 2017 im Nachtclub auf DRS 1 \u00fcber das Fernsehen in fr\u00fcheren Zeiten gesprochen. Unter anderem habe &hellip; <a href=\"http:\/\/stanek.ch\/wordpress\/weltgeschehen\/2017\/08\/eine-zuschauerfrage-ab-wann-wurde-in-der-schweiz-tv-farbig-gesendet\/\">Weiterlesen <span class=\"meta-nav\">&rarr;<\/span><\/a><\/p>\n","protected":false},"author":2,"featured_media":0,"comment_status":"closed","ping_status":"closed","sticky":false,"template":"","format":"standard","meta":{"footnotes":""},"categories":[1],"tags":[],"class_list":["post-6635","post","type-post","status-publish","format-standard","hentry","category-weltgeschehen"],"_links":{"self":[{"href":"http:\/\/stanek.ch\/wordpress\/wp-json\/wp\/v2\/posts\/6635","targetHints":{"allow":["GET"]}}],"collection":[{"href":"http:\/\/stanek.ch\/wordpress\/wp-json\/wp\/v2\/posts"}],"about":[{"href":"http:\/\/stanek.ch\/wordpress\/wp-json\/wp\/v2\/types\/post"}],"author":[{"embeddable":true,"href":"http:\/\/stanek.ch\/wordpress\/wp-json\/wp\/v2\/users\/2"}],"replies":[{"embeddable":true,"href":"http:\/\/stanek.ch\/wordpress\/wp-json\/wp\/v2\/comments?post=6635"}],"version-history":[{"count":19,"href":"http:\/\/stanek.ch\/wordpress\/wp-json\/wp\/v2\/posts\/6635\/revisions"}],"predecessor-version":[{"id":6637,"href":"http:\/\/stanek.ch\/wordpress\/wp-json\/wp\/v2\/posts\/6635\/revisions\/6637"}],"wp:attachment":[{"href":"http:\/\/stanek.ch\/wordpress\/wp-json\/wp\/v2\/media?parent=6635"}],"wp:term":[{"taxonomy":"category","embeddable":true,"href":"http:\/\/stanek.ch\/wordpress\/wp-json\/wp\/v2\/categories?post=6635"},{"taxonomy":"post_tag","embeddable":true,"href":"http:\/\/stanek.ch\/wordpress\/wp-json\/wp\/v2\/tags?post=6635"}],"curies":[{"name":"wp","href":"https:\/\/api.w.org\/{rel}","templated":true}]}}