{"id":6543,"date":"2017-08-01T13:56:10","date_gmt":"2017-08-01T12:56:10","guid":{"rendered":"http:\/\/stanek.ch\/wordpress\/?p=6543"},"modified":"2017-08-02T11:41:09","modified_gmt":"2017-08-02T10:41:09","slug":"sammlung-aller-srf-kulturplatz-blogs-%c2%ab40-jahre-apollo-11%c2%bb-im-juni-2009","status":"publish","type":"post","link":"http:\/\/stanek.ch\/wordpress\/weltgeschehen\/2017\/08\/sammlung-aller-srf-kulturplatz-blogs-%c2%ab40-jahre-apollo-11%c2%bb-im-juni-2009\/","title":{"rendered":"Sammlung aller SRF-Kulturplatz-Blogs \u00ab40 Jahre Apollo 11\u00bb im Juli 2009"},"content":{"rendered":"<p>Ich fand es damals gleich bemerkenswert, als es die Kulturplatzredaktion und nicht die Wissenschaftsredaktion des Schweizer Fernsehens war, welche die historische Gelegenheit wahrnahm, das Jubil\u00e4um zu feiern. Noch 1969 war es genau umgekehrt, und ich bezeichnete dieses Paradoxon als \u00abGrosse Rochade\u00bb. Vor 40 Jahren wollte sich n\u00e4mlich kein Kulturbeflissener, von der gr\u00f6ssten Einzelleistung der Menschheit \u00fcberfordert, vor dem Publikum durch Unkenntnis blamieren. Die pl\u00f6tzlich ins Rampenlicht ger\u00fcckte Weltraumberichterstattung \u00fcberliess man gerne der Wissenschaftsredaktion. 2009 fand sich dort aber bereits niemand mehr, der das Thema risikoreich aufarbeiten wollte! Eines, wo richtig und falsch noch klar unterscheidbar ist. Anders die im Unterbewusstsein von einer grossen Leistung weiterhin beeindruckten Kulturschaffenden, welche das Potential des Themas f\u00fcr die Zuschauerquote nat\u00fcrlich rasch erkannten. Man holte mich als 66j\u00e4hrigen und freiwillig noch f\u00fcr viele Jahre Unpensionierten wieder f\u00fcr eine Sondersendung aus seinem B\u00fcro und gab ihm sogar ehrenamtlich (dem Fernsehen ging es ja finanziell nie sehr gut&#8230;) die Gelegenheit, den sog. Kulturplatzblog im Internet als Vertreter der Wissenschaft \u00fcber den trockenen Sommer 2009 hinweg zu beleben. Viele dort festgehaltenen Gedanken fanden ihren Weg zwar auch in unz\u00e4hlige meiner Vortr\u00e4ge und anderen Publikationen, aber hier sind nochmals alle l\u00fcckenlos zusammengefasst. Auf dem urspr\u00fcnglichen Blog sind sie n\u00e4mlich \u00fcber die Jahre trotz dem Geschick des sicher fixbesoldeten Webmasters zerbr\u00f6selt. <\/p>\n<p>Hier sind die Texte oft ohne Titel gelistet, denn urspr\u00fcnglich galt alles noch so etwa als Tagesaktualit\u00e4t. Jeder Leser konnte sich selber \u00fcberlegen, welche \u00dcberschrift er dem Blog geben w\u00fcrde.<\/p>\n<p><a href=\"http:\/\/stanek.ch\/wordpress\/wp-content\/uploads\/2017\/08\/Blog-1-Stanek.rtf\">SRF-Kulturplatz-Blog \u00abBruno Stanek zu 40 Jahre Apollo 11\u00bb im Juli 2009 &#8211; Nr. 1<\/a><br \/>\n<a href=\"http:\/\/stanek.ch\/wordpress\/wp-content\/uploads\/2017\/08\/Blog-2-Stanek.rtf\">SRF-Kulturplatz-Blog \u00abBruno Stanek zu 40 Jahre Apollo 11\u00bb im Juli 2009 &#8211; Nr. 2<\/a><br \/>\n<a href=\"http:\/\/stanek.ch\/wordpress\/wp-content\/uploads\/2017\/08\/Blog-3-Stanek.rtf\">SRF-Kulturplatz-Blog \u00abBruno Stanek zu 40 Jahre Apollo 11\u00bb im Juli 2009 &#8211; Nr. 3<\/a><br \/>\n<a href=\"http:\/\/stanek.ch\/wordpress\/wp-content\/uploads\/2017\/08\/Blog-4-Stanek.rtf\">SRF-Kulturplatz-Blog \u00abBruno Stanek zu 40 Jahre Apollo 11\u00bb im Juli 2009 &#8211; Nr. 4<\/a><br \/>\n<a href=\"http:\/\/stanek.ch\/wordpress\/wp-content\/uploads\/2017\/08\/Blog-5-Stanek.rtf\">SRF-Kulturplatz-Blog \u00abBruno Stanek zu 40 Jahre Apollo 11\u00bb im Juli 2009 &#8211; Nr. 5<\/a><br \/>\n<a href=\"http:\/\/stanek.ch\/wordpress\/wp-content\/uploads\/2017\/08\/Blog-6-Stanek.rtf\">SRF-Kulturplatz-Blog \u00abBruno Stanek zu 40 Jahre Apollo 11\u00bb im Juli 2009 &#8211; Nr. 6<\/a><br \/>\n<a href=\"http:\/\/stanek.ch\/wordpress\/wp-content\/uploads\/2017\/08\/Blog-7-Stanek.rtf\">SRF-Kulturplatz-Blog \u00abBruno Stanek zu 40 Jahre Apollo 11\u00bb im Juli 2009 &#8211; Nr. 7<\/a><br \/>\n<a href=\"http:\/\/stanek.ch\/wordpress\/wp-content\/uploads\/2017\/08\/Blog-8-Stanek.rtf\">SRF-Kulturplatz-Blog \u00abBruno Stanek zu 40 Jahre Apollo 11\u00bb im Juli 2009 &#8211; Nr. 8<\/a><br \/>\n<a href=\"http:\/\/stanek.ch\/wordpress\/wp-content\/uploads\/2017\/08\/Blog-9-Stanek.rtf\">SRF-Kulturplatz-Blog \u00abBruno Stanek zu 40 Jahre Apollo 11\u00bb im Juli 2009 &#8211; Nr. 9<\/a><br \/>\n<a href=\"http:\/\/stanek.ch\/wordpress\/wp-content\/uploads\/2017\/08\/Blog-10-Stanek.rtf\">SRF-Kulturplatz-Blog \u00abBruno Stanek zu 40 Jahre Apollo 11\u00bb im Juli 2009 &#8211; Nr. 10<\/a><br \/>\n<a href=\"http:\/\/stanek.ch\/wordpress\/wp-content\/uploads\/2017\/08\/Blog-11-Stanek.rtf\">SRF-Kulturplatz-Blog \u00abBruno Stanek zu 40 Jahre Apollo 11\u00bb im Juli 2009 &#8211; Nr. 11<\/a><br \/>\n<a href=\"http:\/\/stanek.ch\/wordpress\/wp-content\/uploads\/2017\/08\/Blog-12-Stanek.rtf\">SRF-Kulturplatz-Blog \u00abBruno Stanek zu 40 Jahre Apollo 11\u00bb im Juli 2009 &#8211; Nr. 12<\/a><br \/>\n<a href=\"http:\/\/stanek.ch\/wordpress\/wp-content\/uploads\/2017\/08\/Blog-13-Stanek.rtf\">SRF-Kulturplatz-Blog \u00abBruno Stanek zu 40 Jahre Apollo 11\u00bb im Juli 2009 &#8211; Nr. 13<\/a><\/p>\n<p><a href=\"https:\/\/www.youtube.com\/embed\/mYJhQ_mnj_A?rel=0\">Auch der Ausschnitt mit meinen 15 Minuten aus der 45min\u00fctigen Sendung l\u00e4sst sich heute noch auf YouTube ansehen.<\/a><\/p>\n<p><a href=\"http:\/\/stanek.ch\/wordpress\/wp-content\/uploads\/2017\/08\/Kulturplatz2009mitEvaWannenmacher.jpg\"><img loading=\"lazy\" decoding=\"async\" src=\"http:\/\/stanek.ch\/wordpress\/wp-content\/uploads\/2017\/08\/Kulturplatz2009mitEvaWannenmacher.jpg\" alt=\"\" title=\"Kulturplatz2009mitEvaWannenmacher\" width=\"634\" height=\"539\" class=\"alignnone size-full wp-image-6561\" srcset=\"http:\/\/stanek.ch\/wordpress\/wp-content\/uploads\/2017\/08\/Kulturplatz2009mitEvaWannenmacher.jpg 634w, http:\/\/stanek.ch\/wordpress\/wp-content\/uploads\/2017\/08\/Kulturplatz2009mitEvaWannenmacher-300x255.jpg 300w\" sizes=\"auto, (max-width: 634px) 100vw, 634px\" \/><\/a><\/p>\n","protected":false},"excerpt":{"rendered":"<p>Ich fand es damals gleich bemerkenswert, als es die Kulturplatzredaktion und nicht die Wissenschaftsredaktion des Schweizer Fernsehens war, welche die historische Gelegenheit wahrnahm, das Jubil\u00e4um zu feiern. Noch 1969 war es genau umgekehrt, und ich bezeichnete dieses Paradoxon als \u00abGrosse &hellip; <a href=\"http:\/\/stanek.ch\/wordpress\/weltgeschehen\/2017\/08\/sammlung-aller-srf-kulturplatz-blogs-%c2%ab40-jahre-apollo-11%c2%bb-im-juni-2009\/\">Weiterlesen <span class=\"meta-nav\">&rarr;<\/span><\/a><\/p>\n","protected":false},"author":2,"featured_media":0,"comment_status":"closed","ping_status":"closed","sticky":false,"template":"","format":"standard","meta":{"footnotes":""},"categories":[1,5],"tags":[],"class_list":["post-6543","post","type-post","status-publish","format-standard","hentry","category-weltgeschehen","category-raumfahrt"],"_links":{"self":[{"href":"http:\/\/stanek.ch\/wordpress\/wp-json\/wp\/v2\/posts\/6543","targetHints":{"allow":["GET"]}}],"collection":[{"href":"http:\/\/stanek.ch\/wordpress\/wp-json\/wp\/v2\/posts"}],"about":[{"href":"http:\/\/stanek.ch\/wordpress\/wp-json\/wp\/v2\/types\/post"}],"author":[{"embeddable":true,"href":"http:\/\/stanek.ch\/wordpress\/wp-json\/wp\/v2\/users\/2"}],"replies":[{"embeddable":true,"href":"http:\/\/stanek.ch\/wordpress\/wp-json\/wp\/v2\/comments?post=6543"}],"version-history":[{"count":20,"href":"http:\/\/stanek.ch\/wordpress\/wp-json\/wp\/v2\/posts\/6543\/revisions"}],"predecessor-version":[{"id":6546,"href":"http:\/\/stanek.ch\/wordpress\/wp-json\/wp\/v2\/posts\/6543\/revisions\/6546"}],"wp:attachment":[{"href":"http:\/\/stanek.ch\/wordpress\/wp-json\/wp\/v2\/media?parent=6543"}],"wp:term":[{"taxonomy":"category","embeddable":true,"href":"http:\/\/stanek.ch\/wordpress\/wp-json\/wp\/v2\/categories?post=6543"},{"taxonomy":"post_tag","embeddable":true,"href":"http:\/\/stanek.ch\/wordpress\/wp-json\/wp\/v2\/tags?post=6543"}],"curies":[{"name":"wp","href":"https:\/\/api.w.org\/{rel}","templated":true}]}}