{"id":6502,"date":"2017-06-24T15:12:34","date_gmt":"2017-06-24T14:12:34","guid":{"rendered":"http:\/\/stanek.ch\/wordpress\/?p=6502"},"modified":"2019-02-19T15:12:05","modified_gmt":"2019-02-19T14:12:05","slug":"aktuelle-buchungsmoglichkeiten-fur-schwerelosigkeitsfluge-bei-dovespace-von-der-schweiz-aus","status":"publish","type":"post","link":"http:\/\/stanek.ch\/wordpress\/raumfahrt\/2017\/06\/aktuelle-buchungsmoglichkeiten-fur-schwerelosigkeitsfluge-bei-dovespace-von-der-schweiz-aus\/","title":{"rendered":"Aktuelle Buchungsm\u00f6glichkeiten f\u00fcr Schwerelosigkeitsfl\u00fcge bei Dov\u00e9space von der Schweiz aus. 2020 siehe am Schluss"},"content":{"rendered":"<p><strong>Der Erfolg mit dem ersten Flug ab D\u00fcbendorf am 22. Oktober 2016 hat die Grundlage geschaffen, f\u00fcr 2018 noch grossz\u00fcgiger zu planen. Es folgt der aktualisierte Originaltext, wie ihn Natalie Dov\u00e9 von <a href=\"http:\/\/www.dovespace.ch\">Dov\u00e9space<\/a> f\u00fcr Interessenten (wie mir&#8230;) mitgeteilt hat:<br \/>\n<\/strong><br \/>\nDer exklusive Zero-G Parabelflug ab D\u00fcbendorf (Z\u00fcrich) wird am 12. und wegen vielen Anmeldungen zus\u00e4tzlich am 13. Juni 2018 stattfinden. Die limitierten Pl\u00e4tze werden nach Eingangsdatum \u201efirst come first serve\u201c vergeben.<\/p>\n<p>Die n\u00e4chsten buchbaren Daten f\u00fcr Bordeaux sind 14.2.2018 oder 24.8.2018. Hier sind keine Experimente an Bord, diese Tage sind fix.<\/p>\n<p>Alle Reservierungen f\u00fcr Air Zero G aus der Schweiz und Deutschland werden von uns betreut.  Mehr Informationen finden Sie auf unserer Webseite: www.dovespace.ch. Dovespace ist Ihr Ansprechpartner in allen Fragen zur Vorbereitung auf dieses \u201eLifetime Experience\u201c. Der A310 ZERO-G ist in einem exzellenten Zustand, perfekt gewartet und in sehr erfahrenen H\u00e4nden einer Crew aus hervorragenden Technikern und Testpiloten. Unsere Instruktoren an Bord, erfahrene Fachleute mit langj\u00e4hriger technischer und wissenschaftlicher Erfahrung in der Raumfahrt, k\u00fcmmern sich um Ihre Sicherheit und Wohlbefinden in der Schwerelosigkeit.<\/p>\n<p>Parabelfl\u00fcge sind eine wichtige S\u00e4ule der Forschung und der bemannten Raumfahrt. Sie sind die einzige M\u00f6glichkeit, reale Schwerelosigkeit zu erzeugen, ohne die Erdatmosph\u00e4re verlassen zu m\u00fcssen. Neben der einzigartigen Erfahrung der Schwerelosigkeit &#8211; einem Gef\u00fchl \u201cnicht von dieser Welt\u201d, wird gleichzeitig die Wissenschaft unterst\u00fctzt, denn die Einnahmen fliessen zur\u00fcck in die wissenschaftliche Nutzung. Mit Ihrem Flug unterst\u00fctzen Sie damit auch die Forschung und Exploration des Weltraums.<\/p>\n<p><strong>Flugdatum von D\u00fcbendorf aus 2020<\/strong><br \/>\n<a href=\"http:\/\/stanek.ch\/wordpress\/wp-content\/uploads\/2019\/02\/4th-Swiss-Parabolic-Flight-Campaign-Program-for-Private-Participants.pdf\">Ein PDF mit allen Angaben zur Information und zur Buchung.<br \/>\n<\/a> Die drei Fl\u00fcge von 2019 sind bereits alle ausgebucht.<\/p>\n","protected":false},"excerpt":{"rendered":"<p>Der Erfolg mit dem ersten Flug ab D\u00fcbendorf am 22. Oktober 2016 hat die Grundlage geschaffen, f\u00fcr 2018 noch grossz\u00fcgiger zu planen. Es folgt der aktualisierte Originaltext, wie ihn Natalie Dov\u00e9 von Dov\u00e9space f\u00fcr Interessenten (wie mir&#8230;) mitgeteilt hat: Der &hellip; <a href=\"http:\/\/stanek.ch\/wordpress\/raumfahrt\/2017\/06\/aktuelle-buchungsmoglichkeiten-fur-schwerelosigkeitsfluge-bei-dovespace-von-der-schweiz-aus\/\">Weiterlesen <span class=\"meta-nav\">&rarr;<\/span><\/a><\/p>\n","protected":false},"author":2,"featured_media":0,"comment_status":"closed","ping_status":"closed","sticky":false,"template":"","format":"standard","meta":{"footnotes":""},"categories":[5],"tags":[],"class_list":["post-6502","post","type-post","status-publish","format-standard","hentry","category-raumfahrt"],"_links":{"self":[{"href":"http:\/\/stanek.ch\/wordpress\/wp-json\/wp\/v2\/posts\/6502","targetHints":{"allow":["GET"]}}],"collection":[{"href":"http:\/\/stanek.ch\/wordpress\/wp-json\/wp\/v2\/posts"}],"about":[{"href":"http:\/\/stanek.ch\/wordpress\/wp-json\/wp\/v2\/types\/post"}],"author":[{"embeddable":true,"href":"http:\/\/stanek.ch\/wordpress\/wp-json\/wp\/v2\/users\/2"}],"replies":[{"embeddable":true,"href":"http:\/\/stanek.ch\/wordpress\/wp-json\/wp\/v2\/comments?post=6502"}],"version-history":[{"count":16,"href":"http:\/\/stanek.ch\/wordpress\/wp-json\/wp\/v2\/posts\/6502\/revisions"}],"predecessor-version":[{"id":6507,"href":"http:\/\/stanek.ch\/wordpress\/wp-json\/wp\/v2\/posts\/6502\/revisions\/6507"}],"wp:attachment":[{"href":"http:\/\/stanek.ch\/wordpress\/wp-json\/wp\/v2\/media?parent=6502"}],"wp:term":[{"taxonomy":"category","embeddable":true,"href":"http:\/\/stanek.ch\/wordpress\/wp-json\/wp\/v2\/categories?post=6502"},{"taxonomy":"post_tag","embeddable":true,"href":"http:\/\/stanek.ch\/wordpress\/wp-json\/wp\/v2\/tags?post=6502"}],"curies":[{"name":"wp","href":"https:\/\/api.w.org\/{rel}","templated":true}]}}