{"id":619,"date":"2010-12-05T00:10:33","date_gmt":"2010-12-04T23:10:33","guid":{"rendered":"http:\/\/stanek.ch\/wordpress\/?p=619"},"modified":"2021-01-22T20:35:20","modified_gmt":"2021-01-22T19:35:20","slug":"fluglotsenstreik-in-spanien-alles-schon-dagewesen","status":"publish","type":"post","link":"http:\/\/stanek.ch\/wordpress\/weltgeschehen\/2010\/12\/fluglotsenstreik-in-spanien-alles-schon-dagewesen\/","title":{"rendered":"Fluglotsenstreik in Spanien &#8211; alles schon dagewesen!"},"content":{"rendered":"<p>Vor 30 Jahren wurde die Fluglotsengewerkschaft PATCO in den USA \u00fcberm\u00fctig. Trotz hohen L\u00f6hnen, mehrfach \u00aberstreikten\u00bb Arbeitszeitk\u00fcrzungen, arrogantem Ton der Controller den Piloten in der Luft gegen\u00fcber und einer viel zu hohen Zahl von Angestellten, welche durch immer dreistere Forderungen erpresst worden war, hatte Gewerkschaftsboss Robert Poli ausgerechnet im ersten Amstjahr von Pr\u00e4sident Ronald Reagan einen \u00abGeneralstreik\u00bb vom Zaum gebrochen. Reagan stellte ein Ultimatum: Wiederaufnahme der Arbeit binnen 48 Stunden oder sofortige Entlassung! Bis zu einem Jahr Gef\u00e4ngnis drohte jedem Fluglotsen bei Zuwiderhandlung. Reagan hatte einen Plan, weil er sich schon l\u00e4ngere Zeit \u00fcberlegt hatte, wie man das \u00abKrebsgeschw\u00fcr\u00bb PATCO beseitigen konnte: Vor\u00fcbergehende Reduktion der Flugbewegungen und Verst\u00e4rkung der arbeitswilligen Kontrolleure durch immer noch arbeitst\u00fcchtige Vorgesetzte und Personal von Milit\u00e4rflugpl\u00e4tzen. Graduelle Steigerung der Flugfrequenzen und rasche Ausbildung von neuen Fluglotsen verhinderten das Chaos, welches die Medien weltweit prophezeit hatten. Die auch in den Schweizer Medien vorhergesagte und unisono Pr\u00e4sident Reagan angelastete Vervielfachung der Anzahl Flugkatastrophen blieb aus. Im Gegenteil: ein Jahr sp\u00e4ter lobten Piloten in Aviatik-Zeitschriften den pl\u00f6tzlich wieder h\u00f6flicheren und professionelleren Ton der Fluglotsen &#8211; und die Zahl der Flugunf\u00e4lle war sogar gesunken! Das Thema war rasch von der Propagandaliste gegen Reagan gestrichen. Wenn man die Chaos-Prognostiker seither fragt, welches denn die erste Amtshandlung von Reagan gewesen sei, weiss praktisch keiner mehr, dass es die Zerschlagung der kriminell gewordenen Fluglotsengewerkschaft PATCO war! Vier Jahre sp\u00e4ter stand fest: die Flugunf\u00e4lle hatten sich seit 1981 sogar nachhaltig verringert!<\/p>\n<p>Es d\u00fcrfte daher gut sein, sich anl\u00e4sslich der Wiederholung eines solchen Szenarios in Spanien daran zu erinnern. Oder die Willkommensheissung aller illegalen Kriminellen im Lande in jenen Staaten, bei denen die \u00abDemokraten\u00bb nach dem Amstantritt von Pr\u00e4sident Trump noch an der Regierung sind. Dieser hat das Beispiel von 1981 sicher nicht vergessen.<\/p>\n<p><a href=\"http:\/\/eightiesclub.tripod.com\/id296.htm\">Hier die historischen Fakten aus der damaligen Epoche<\/a><\/p>\n<p>Inzwischen zensuriert, obwohl ich mich noch genau an das auch von der Schweizer Tagesschau jeweils ignorierte oder zu Ungunsten von Reagan ausgelegte Geschehen erinnere. Wenn man heute etwas j\u00fcngere Schweizer Journalisten fragt, was denn die erste Amtshandlung von Ronald Reagan war: sie k\u00f6nnen die Frage nicht einmal beantworten!<\/p>\n","protected":false},"excerpt":{"rendered":"<p>Vor 30 Jahren wurde die Fluglotsengewerkschaft PATCO in den USA \u00fcberm\u00fctig. Trotz hohen L\u00f6hnen, mehrfach \u00aberstreikten\u00bb Arbeitszeitk\u00fcrzungen, arrogantem Ton der Controller den Piloten in der Luft gegen\u00fcber und einer viel zu hohen Zahl von Angestellten, welche durch immer dreistere Forderungen &hellip; <a href=\"http:\/\/stanek.ch\/wordpress\/weltgeschehen\/2010\/12\/fluglotsenstreik-in-spanien-alles-schon-dagewesen\/\">Weiterlesen <span class=\"meta-nav\">&rarr;<\/span><\/a><\/p>\n","protected":false},"author":2,"featured_media":0,"comment_status":"closed","ping_status":"closed","sticky":false,"template":"","format":"standard","meta":{"footnotes":""},"categories":[1],"tags":[],"class_list":["post-619","post","type-post","status-publish","format-standard","hentry","category-weltgeschehen"],"_links":{"self":[{"href":"http:\/\/stanek.ch\/wordpress\/wp-json\/wp\/v2\/posts\/619","targetHints":{"allow":["GET"]}}],"collection":[{"href":"http:\/\/stanek.ch\/wordpress\/wp-json\/wp\/v2\/posts"}],"about":[{"href":"http:\/\/stanek.ch\/wordpress\/wp-json\/wp\/v2\/types\/post"}],"author":[{"embeddable":true,"href":"http:\/\/stanek.ch\/wordpress\/wp-json\/wp\/v2\/users\/2"}],"replies":[{"embeddable":true,"href":"http:\/\/stanek.ch\/wordpress\/wp-json\/wp\/v2\/comments?post=619"}],"version-history":[{"count":6,"href":"http:\/\/stanek.ch\/wordpress\/wp-json\/wp\/v2\/posts\/619\/revisions"}],"predecessor-version":[{"id":621,"href":"http:\/\/stanek.ch\/wordpress\/wp-json\/wp\/v2\/posts\/619\/revisions\/621"}],"wp:attachment":[{"href":"http:\/\/stanek.ch\/wordpress\/wp-json\/wp\/v2\/media?parent=619"}],"wp:term":[{"taxonomy":"category","embeddable":true,"href":"http:\/\/stanek.ch\/wordpress\/wp-json\/wp\/v2\/categories?post=619"},{"taxonomy":"post_tag","embeddable":true,"href":"http:\/\/stanek.ch\/wordpress\/wp-json\/wp\/v2\/tags?post=619"}],"curies":[{"name":"wp","href":"https:\/\/api.w.org\/{rel}","templated":true}]}}