{"id":544,"date":"2009-10-22T19:10:13","date_gmt":"2009-10-22T18:10:13","guid":{"rendered":"http:\/\/stanek.ch\/wordpress\/?p=544"},"modified":"2010-12-02T19:14:02","modified_gmt":"2010-12-02T18:14:02","slug":"zyniker-massen-sich-an-die-dinge-so-zu-sehen-wie-sie-sind","status":"publish","type":"post","link":"http:\/\/stanek.ch\/wordpress\/weltgeschehen\/2009\/10\/zyniker-massen-sich-an-die-dinge-so-zu-sehen-wie-sie-sind\/","title":{"rendered":"Zyniker massen sich an, die Dinge so zu sehen, wie sie sind&#8230;"},"content":{"rendered":"<p><strong>Ewig Uneinige verb\u00fcnden sich im geistigen Krankheitsfall sofort gegen Normaldenkende<\/strong><\/p>\n<p>Schon vor dem Ergreifen der Tasse wirft man am Morgen einen ersten Blick auf die Schlagzeilen des Tages. K\u00fcrzlich in der Zentralschweizer Regionalpresse: Die religionspolitischen &#8222;C&#8220; verb\u00fcnden sich mit den &#8222;M&#8220;! Heilige Einfalt! Fr\u00fcher h\u00e4tte man gesagt, der Teufel h\u00e4tte sich mit dem Beelzebub verb\u00fcndet, wobei &#8222;M&#8220; und &#8222;C&#8220; wohl die Einzigen sind, die zu wissen glauben, was die beiden imagin\u00e4ren Sch\u00f6pfer alles B\u00f6sen sind. Dabei sind sie es selber: die Religionen schlechthin! Hat denn das Jugoslawien der letzten 500 Jahre nicht gen\u00fcgend gezeigt, wie gut die beiden &#8222;Religionen&#8220; zusammenleben k\u00f6nnen? Brauchen wir wirklich auch bei uns Pogrome, weil es eben nicht funktioniert? Und im gleichen Blatt der Bericht \u00fcber die vom Wettstreit unserer nach Nigeria exportierten Religionen mit den lokalen Formen solcher Holzwege! Die Opfer: zu Tode gemarterte Schulkinder! Muss es auch bei uns so weit kommen, dass die Gl\u00e4ubigen &#8211; wie im Mittelalter &#8211; &#8222;legale&#8220; Methoden erfinden, um &#8222;Ungl\u00e4ubige&#8220; zu eliminieren und sich dabei in eigenen &#8222;Glauben&#8220; zu best\u00e4rken? Einen, den sie vor lauter Zweifeln gar nicht im Ernst haben k\u00f6nnen. Auf der ganzen Welt habe ich mich ohne Konflikte mit Atheisten konstruktiv \u00fcber alle Themen unterhalten k\u00f6nnen. Solche sind untereinander kompatibel wie Blutgruppe Null. 60 Jahre Erfahrung mit Religi\u00f6sen dagegen haben mich in der Haltung best\u00e4rkt, dass man sich vor ihnen nicht nur abwenden soll &#8211; man soll im Interesse von Leib, Leben und Menschenw\u00fcrde gleich fl\u00fcchten.<\/p>\n","protected":false},"excerpt":{"rendered":"<p>Ewig Uneinige verb\u00fcnden sich im geistigen Krankheitsfall sofort gegen Normaldenkende Schon vor dem Ergreifen der Tasse wirft man am Morgen einen ersten Blick auf die Schlagzeilen des Tages. K\u00fcrzlich in der Zentralschweizer Regionalpresse: Die religionspolitischen &#8222;C&#8220; verb\u00fcnden sich mit den &hellip; <a href=\"http:\/\/stanek.ch\/wordpress\/weltgeschehen\/2009\/10\/zyniker-massen-sich-an-die-dinge-so-zu-sehen-wie-sie-sind\/\">Weiterlesen <span class=\"meta-nav\">&rarr;<\/span><\/a><\/p>\n","protected":false},"author":2,"featured_media":0,"comment_status":"closed","ping_status":"closed","sticky":false,"template":"","format":"standard","meta":{"footnotes":""},"categories":[1],"tags":[],"class_list":["post-544","post","type-post","status-publish","format-standard","hentry","category-weltgeschehen"],"_links":{"self":[{"href":"http:\/\/stanek.ch\/wordpress\/wp-json\/wp\/v2\/posts\/544","targetHints":{"allow":["GET"]}}],"collection":[{"href":"http:\/\/stanek.ch\/wordpress\/wp-json\/wp\/v2\/posts"}],"about":[{"href":"http:\/\/stanek.ch\/wordpress\/wp-json\/wp\/v2\/types\/post"}],"author":[{"embeddable":true,"href":"http:\/\/stanek.ch\/wordpress\/wp-json\/wp\/v2\/users\/2"}],"replies":[{"embeddable":true,"href":"http:\/\/stanek.ch\/wordpress\/wp-json\/wp\/v2\/comments?post=544"}],"version-history":[{"count":2,"href":"http:\/\/stanek.ch\/wordpress\/wp-json\/wp\/v2\/posts\/544\/revisions"}],"predecessor-version":[{"id":546,"href":"http:\/\/stanek.ch\/wordpress\/wp-json\/wp\/v2\/posts\/544\/revisions\/546"}],"wp:attachment":[{"href":"http:\/\/stanek.ch\/wordpress\/wp-json\/wp\/v2\/media?parent=544"}],"wp:term":[{"taxonomy":"category","embeddable":true,"href":"http:\/\/stanek.ch\/wordpress\/wp-json\/wp\/v2\/categories?post=544"},{"taxonomy":"post_tag","embeddable":true,"href":"http:\/\/stanek.ch\/wordpress\/wp-json\/wp\/v2\/tags?post=544"}],"curies":[{"name":"wp","href":"https:\/\/api.w.org\/{rel}","templated":true}]}}