{"id":5423,"date":"2016-05-01T10:08:15","date_gmt":"2016-05-01T09:08:15","guid":{"rendered":"http:\/\/stanek.ch\/wordpress\/?p=5423"},"modified":"2016-12-30T16:50:40","modified_gmt":"2016-12-30T15:50:40","slug":"historisches-zur-grundung-des-reiseburos-fur-schwerelosigkeitsfluge","status":"publish","type":"post","link":"http:\/\/stanek.ch\/wordpress\/raumfahrt\/2016\/05\/historisches-zur-grundung-des-reiseburos-fur-schwerelosigkeitsfluge\/","title":{"rendered":"Historisches zur Gr\u00fcndung des Reiseb\u00fcros DOVESPACE   f\u00fcr Schwerelosigkeitsfl\u00fcge"},"content":{"rendered":"<p>Der erste Parabelflug am 22. September 2015 von Prof. Oliver Ullrich diente haupts\u00e4chlich der Wissenschaft und wurde im Namen der Universit\u00e4t Z\u00fcrich gechartert. Natalie Dov\u00e9 war bereits Teammitglied und sammelte dabei pers\u00f6nliche Erfahrungen \u00fcber Schwerelosigkeit, kann also Reiselustigen aus erster Hand Auskunft geben. Nachdem ihr Flug und somit der \u00abProbelauf\u00bb gegl\u00fcckt war, haben Frau Dov\u00e9 und Professor Ullrich die Marke DOVESPACE ins Leben gerufen. Mit der schon zuvor bestehenden Firma Novespace wurden in Bordeaux Gespr\u00e4che gef\u00fchrt und dabei wurde DOVESPACE als einzige Reiseagentur und Buchungsstelle f\u00fcr den deutschsprachigen Raum bestimmt! Die Zusammenarbeit funktionierte dank Fachkenntnis bei allen Seiten von Anfang an sehr gut. Eine stattliche Zahl von Personen hatte das Parabelflugerlebnis ab Bordeaux vom Juni 2016 bereits bei DOVESPACE in Burgdorf gebucht. Dabei best\u00e4tigte sich das schon bei anderen Sparten des \u00abWeltraumtourismus\u00bb, auch in den USA, beobachtete Verh\u00e4ltnis von etwa 50\/50% zwischen Wissenschaft und Tourismus. Der Flug vom 26. August 2016 ab Bordeaux war ausgebucht. So auch das n\u00e4chste Datum am 14. April 2017. F\u00fcr den 1. September 2017 laufen die Anmeldungen noch. Schon 2016 \u00f6ffnete sich aber eine weitere Startgelegenheit (ideal f\u00fcr Schweizer!) ab D\u00fcbendorf am 22. Oktober 2016, eine weitere erwartet man im Juni 2018. <\/p>\n","protected":false},"excerpt":{"rendered":"<p>Der erste Parabelflug am 22. September 2015 von Prof. Oliver Ullrich diente haupts\u00e4chlich der Wissenschaft und wurde im Namen der Universit\u00e4t Z\u00fcrich gechartert. Natalie Dov\u00e9 war bereits Teammitglied und sammelte dabei pers\u00f6nliche Erfahrungen \u00fcber Schwerelosigkeit, kann also Reiselustigen aus erster &hellip; <a href=\"http:\/\/stanek.ch\/wordpress\/raumfahrt\/2016\/05\/historisches-zur-grundung-des-reiseburos-fur-schwerelosigkeitsfluge\/\">Weiterlesen <span class=\"meta-nav\">&rarr;<\/span><\/a><\/p>\n","protected":false},"author":2,"featured_media":0,"comment_status":"closed","ping_status":"closed","sticky":false,"template":"","format":"standard","meta":{"footnotes":""},"categories":[5],"tags":[],"class_list":["post-5423","post","type-post","status-publish","format-standard","hentry","category-raumfahrt"],"_links":{"self":[{"href":"http:\/\/stanek.ch\/wordpress\/wp-json\/wp\/v2\/posts\/5423","targetHints":{"allow":["GET"]}}],"collection":[{"href":"http:\/\/stanek.ch\/wordpress\/wp-json\/wp\/v2\/posts"}],"about":[{"href":"http:\/\/stanek.ch\/wordpress\/wp-json\/wp\/v2\/types\/post"}],"author":[{"embeddable":true,"href":"http:\/\/stanek.ch\/wordpress\/wp-json\/wp\/v2\/users\/2"}],"replies":[{"embeddable":true,"href":"http:\/\/stanek.ch\/wordpress\/wp-json\/wp\/v2\/comments?post=5423"}],"version-history":[{"count":12,"href":"http:\/\/stanek.ch\/wordpress\/wp-json\/wp\/v2\/posts\/5423\/revisions"}],"predecessor-version":[{"id":5425,"href":"http:\/\/stanek.ch\/wordpress\/wp-json\/wp\/v2\/posts\/5423\/revisions\/5425"}],"wp:attachment":[{"href":"http:\/\/stanek.ch\/wordpress\/wp-json\/wp\/v2\/media?parent=5423"}],"wp:term":[{"taxonomy":"category","embeddable":true,"href":"http:\/\/stanek.ch\/wordpress\/wp-json\/wp\/v2\/categories?post=5423"},{"taxonomy":"post_tag","embeddable":true,"href":"http:\/\/stanek.ch\/wordpress\/wp-json\/wp\/v2\/tags?post=5423"}],"curies":[{"name":"wp","href":"https:\/\/api.w.org\/{rel}","templated":true}]}}