{"id":4726,"date":"2015-11-04T21:45:12","date_gmt":"2015-11-04T20:45:12","guid":{"rendered":"http:\/\/stanek.ch\/wordpress\/?p=4726"},"modified":"2016-08-29T10:53:57","modified_gmt":"2016-08-29T09:53:57","slug":"ein-neues-buch-uber-die-zentralschweiz-mit-einem-begleitwort-von-mir","status":"publish","type":"post","link":"http:\/\/stanek.ch\/wordpress\/weltgeschehen\/2015\/11\/ein-neues-buch-uber-die-zentralschweiz-mit-einem-begleitwort-von-mir\/","title":{"rendered":"Ein neues Buch \u00fcber die Zentralschweiz mit einem Begleitwort von mir"},"content":{"rendered":"<p>Bin am abkl\u00e4ren, was mit dem Link auf dieser Webseite passiert ist und warum die Erw\u00e4hnung eines Buches, das l\u00e4ngere Zeit auf der Seite zu sehen war, und bei mir in vielen gedruckten Exemplaren vorliegt, nun pl\u00f6tzlich verschwunden ist! Ich f\u00fchle mich zu dieser \u00abWarnung\u00bb verpflichtet, denn Besucher meiner Seite sollen selbst wegen eines allf. Fehlers von dritter Seite nicht irregeleitet werden. Nach einigen Monaten habe ich nun das <a href=\"http:\/\/stanek.ch\/wordpress\/wp-content\/uploads\/2016\/06\/Titelbild-Meine-Zentralschweiz.jpg\">Titelbild<\/a> selber gescannt.<br \/>\n<em><br \/>\nDer deutsche Kunstverlag Josef B\u00fchn in M\u00fcnchen hat schon mehrere B\u00e4nde \u00fcber Wirtschaftsregionen in aller Welt herausgegeben, darunter auch \u00fcber die Schweiz.<br \/>\nDas neueste Werk in dieser Serie tr\u00e4gt den Titel<br \/>\n<a href=\"http:\/\/www.verlagshausbuehn.de\/aktuelle-buchprojekte\/zentralschweiz\/\"><strong>Zentralschweiz &#8211; Wirtschaftsstandort und Kulturraum im Herzen Europas<\/strong><\/a><br \/>\n<strong>Sorry &#8211; man hat&#8217;s noch immer nicht korrigiert?! Schon wieder ein Opfer der \u00abWende\u00bb in der deutschen Politik seit Merkel!?<\/strong><em><br \/>\nHier erf\u00e4hrt man mehr \u00fcber wichtige Industriefirmen, und warum diese eine Niederlassung in der Schweiz gegr\u00fcndet haben oder als Schweizer Firmen schon immer hier waren. Auch in meinem <a href=\"http:\/\/stanek.ch\/wordpress\/wp-content\/uploads\/2016\/06\/Meine-Zentralschweiz.jpg\"><strong>Begleitwort<\/strong><\/a> (alles deutsch\/englisch) liest man einmal, wie ich die Vorz\u00fcge der Zentralschweiz als Ausgangspunkt f\u00fcr Beziehungen im ganzen Land sch\u00e4tzen gelernt habe. Man kann den Bildband aber auch gleichzeitig wegen den ausgesucht sch\u00f6nen Fotoaufnahmen als Visitenkarte der Zentralschweiz betrachten.<\/p>\n","protected":false},"excerpt":{"rendered":"<p>Bin am abkl\u00e4ren, was mit dem Link auf dieser Webseite passiert ist und warum die Erw\u00e4hnung eines Buches, das l\u00e4ngere Zeit auf der Seite zu sehen war, und bei mir in vielen gedruckten Exemplaren vorliegt, nun pl\u00f6tzlich verschwunden ist! Ich &hellip; <a href=\"http:\/\/stanek.ch\/wordpress\/weltgeschehen\/2015\/11\/ein-neues-buch-uber-die-zentralschweiz-mit-einem-begleitwort-von-mir\/\">Weiterlesen <span class=\"meta-nav\">&rarr;<\/span><\/a><\/p>\n","protected":false},"author":2,"featured_media":0,"comment_status":"closed","ping_status":"closed","sticky":false,"template":"","format":"standard","meta":{"footnotes":""},"categories":[1],"tags":[],"class_list":["post-4726","post","type-post","status-publish","format-standard","hentry","category-weltgeschehen"],"_links":{"self":[{"href":"http:\/\/stanek.ch\/wordpress\/wp-json\/wp\/v2\/posts\/4726","targetHints":{"allow":["GET"]}}],"collection":[{"href":"http:\/\/stanek.ch\/wordpress\/wp-json\/wp\/v2\/posts"}],"about":[{"href":"http:\/\/stanek.ch\/wordpress\/wp-json\/wp\/v2\/types\/post"}],"author":[{"embeddable":true,"href":"http:\/\/stanek.ch\/wordpress\/wp-json\/wp\/v2\/users\/2"}],"replies":[{"embeddable":true,"href":"http:\/\/stanek.ch\/wordpress\/wp-json\/wp\/v2\/comments?post=4726"}],"version-history":[{"count":19,"href":"http:\/\/stanek.ch\/wordpress\/wp-json\/wp\/v2\/posts\/4726\/revisions"}],"predecessor-version":[{"id":5200,"href":"http:\/\/stanek.ch\/wordpress\/wp-json\/wp\/v2\/posts\/4726\/revisions\/5200"}],"wp:attachment":[{"href":"http:\/\/stanek.ch\/wordpress\/wp-json\/wp\/v2\/media?parent=4726"}],"wp:term":[{"taxonomy":"category","embeddable":true,"href":"http:\/\/stanek.ch\/wordpress\/wp-json\/wp\/v2\/categories?post=4726"},{"taxonomy":"post_tag","embeddable":true,"href":"http:\/\/stanek.ch\/wordpress\/wp-json\/wp\/v2\/tags?post=4726"}],"curies":[{"name":"wp","href":"https:\/\/api.w.org\/{rel}","templated":true}]}}