{"id":428,"date":"2008-07-21T22:32:04","date_gmt":"2008-07-21T21:32:04","guid":{"rendered":"http:\/\/stanek.ch\/wordpress\/?p=428"},"modified":"2010-11-30T22:36:53","modified_gmt":"2010-11-30T21:36:53","slug":"geistige-wuste-oder-geistliche-leere","status":"publish","type":"post","link":"http:\/\/stanek.ch\/wordpress\/weltgeschehen\/2008\/07\/geistige-wuste-oder-geistliche-leere\/","title":{"rendered":"Geistige W\u00fcste oder geistliche Leere?"},"content":{"rendered":"<p>Schmerzhaft auch dieses Jahr der vorhersehbare Schwachsinn des j\u00fcngsten &#8222;Weltjugendtages&#8220;! Eine Art Selbstbetrugsolympiade von ein paar Hundert Tausend definitionsgem\u00e4ss gleich gesinnten Schw\u00e4rmern unter den Fittichen des heiligen Kommerzes. Mich hat jeder nicht ausgesprochen kritische Medienbericht zu entschiedenem Widerspruch herausgefordert. Ich kann nur betonen, dass man die geistige Leere, die man den Atheisten unterschiebt, aus Jahrzehnte langer Erfahrung zu 500% an die Katholiken im Besonderen und Gl\u00e4ubige i. A. zur\u00fcckweisen darf. Vielleicht ist sogar der etwas ungl\u00fccklich bezeichnete Druckfehlerteufel auf meiner Seite, denn in der Schwyzer Zeitung vom 21. Juli 2008 hiess es fett gedruckt im Lead unter dem Titel<\/p>\n<p><em>\u00abMit der Mahnung vor einer \u201egeistlichen W\u00fcste\u201c endete der Besuch des Papstes in Australien. Er entschuldigte sich zudem f\u00fcr sexuelle \u00dcbergriffe von Priestern.\u00bb<\/em><\/p>\n<p>Nur verbal leider, wie seit 2000 Jahren, um den Zustrom williger Ministranten nicht zu gef\u00e4hrden. Daf\u00fcr mittelalterliche Schuldzuweisungen an alle noch denkenden Menschen! F\u00fcr wie dumm betrachtet der Papst eigentlich die Leute? Er geisselt zwar die sexuellen Entgleisungen der Natur, \u00fcbersieht aber geflissentlich die widernat\u00fcrlichen Verirrungen in den eigenen Reihen der Katholischen Kirche. Er weigert sich sogar nach Aufforderung von direkt Betroffenen, sich \u00fcber leere Worte hinaus pers\u00f6nlich zu entschuldigen, nur um sich bei den Nutzniessern klerikaler Privilegien nicht unbeliebt zu machen.<\/p>\n","protected":false},"excerpt":{"rendered":"<p>Schmerzhaft auch dieses Jahr der vorhersehbare Schwachsinn des j\u00fcngsten &#8222;Weltjugendtages&#8220;! Eine Art Selbstbetrugsolympiade von ein paar Hundert Tausend definitionsgem\u00e4ss gleich gesinnten Schw\u00e4rmern unter den Fittichen des heiligen Kommerzes. Mich hat jeder nicht ausgesprochen kritische Medienbericht zu entschiedenem Widerspruch herausgefordert. Ich &hellip; <a href=\"http:\/\/stanek.ch\/wordpress\/weltgeschehen\/2008\/07\/geistige-wuste-oder-geistliche-leere\/\">Weiterlesen <span class=\"meta-nav\">&rarr;<\/span><\/a><\/p>\n","protected":false},"author":2,"featured_media":0,"comment_status":"closed","ping_status":"open","sticky":false,"template":"","format":"standard","meta":{"footnotes":""},"categories":[1],"tags":[],"class_list":["post-428","post","type-post","status-publish","format-standard","hentry","category-weltgeschehen"],"_links":{"self":[{"href":"http:\/\/stanek.ch\/wordpress\/wp-json\/wp\/v2\/posts\/428","targetHints":{"allow":["GET"]}}],"collection":[{"href":"http:\/\/stanek.ch\/wordpress\/wp-json\/wp\/v2\/posts"}],"about":[{"href":"http:\/\/stanek.ch\/wordpress\/wp-json\/wp\/v2\/types\/post"}],"author":[{"embeddable":true,"href":"http:\/\/stanek.ch\/wordpress\/wp-json\/wp\/v2\/users\/2"}],"replies":[{"embeddable":true,"href":"http:\/\/stanek.ch\/wordpress\/wp-json\/wp\/v2\/comments?post=428"}],"version-history":[{"count":3,"href":"http:\/\/stanek.ch\/wordpress\/wp-json\/wp\/v2\/posts\/428\/revisions"}],"predecessor-version":[{"id":431,"href":"http:\/\/stanek.ch\/wordpress\/wp-json\/wp\/v2\/posts\/428\/revisions\/431"}],"wp:attachment":[{"href":"http:\/\/stanek.ch\/wordpress\/wp-json\/wp\/v2\/media?parent=428"}],"wp:term":[{"taxonomy":"category","embeddable":true,"href":"http:\/\/stanek.ch\/wordpress\/wp-json\/wp\/v2\/categories?post=428"},{"taxonomy":"post_tag","embeddable":true,"href":"http:\/\/stanek.ch\/wordpress\/wp-json\/wp\/v2\/tags?post=428"}],"curies":[{"name":"wp","href":"https:\/\/api.w.org\/{rel}","templated":true}]}}