{"id":423,"date":"2007-06-29T22:13:58","date_gmt":"2007-06-29T21:13:58","guid":{"rendered":"http:\/\/stanek.ch\/wordpress\/?p=423"},"modified":"2023-10-18T21:44:18","modified_gmt":"2023-10-18T20:44:18","slug":"die-aufzeichnungen-der-temperaturextreme-aus-den-50-us-staaten-im-20-jh-aus-dem-american-almanach","status":"publish","type":"post","link":"http:\/\/stanek.ch\/wordpress\/weltgeschehen\/2007\/06\/die-aufzeichnungen-der-temperaturextreme-aus-den-50-us-staaten-im-20-jh-aus-dem-american-almanach\/","title":{"rendered":"Die Aufzeichnungen der Temperaturextreme aus den 50 US-Staaten im 20. Jh. aus dem American Almanach"},"content":{"rendered":"<p>Frage: wo bleibt der Erw\u00e4rmungs-Trend, wenn die Hitze-Extreme noch weiter in der ersten H\u00e4lfte des 20. Jahrhunderts zur\u00fcckliegen als die K\u00e4lte-Extreme? Die j\u00fcngste Kontrolle dieser Temperaturextreme unter Beizug der Daten bis 2006 hat ergeben, dass es von den 50 US-Staaten nur in total 7 seither k\u00e4lter geworden ist, und sogar in nur deren 5 w\u00e4rmer! Nur in Nevada und New Mexico wurde es um mehr als 1 Grad F w\u00e4rmer, die anderen drei Orte \u00e4nderten um 1 Grad F oder blieben sogar gleich. An der 14 Jahre zuvor gemachten Aussage, wonach die Extreme nicht ein Charakteristikum der j\u00fcngsten Jahre seien, hat sich also zumindest in den USA nichts ge\u00e4ndert! Es ist doch bemerkenswert, dass ich in der hier wieder aufgefundenen Publikation bereits 1992 den herumschwirrenden Begriff der &#8222;Globalen Erw\u00e4rmung&#8220; relativiert hatte und schon damals vor 15 Jahren gemerkt haben muss, dass an der verordneten Panik etwas nicht stimmen konnte!<\/p>\n<p>Tabelle der Temperaturextreme bis 1992 (Quelle: American Almanach)<\/p>\n<p><a href=\"http:\/\/stanek.ch\/wordpress\/wp-content\/uploads\/2010\/11\/Temperaturen1992.jpg\"><img loading=\"lazy\" decoding=\"async\" class=\"alignnone size-medium wp-image-424\" title=\"Temperaturen1992\" src=\"http:\/\/stanek.ch\/wordpress\/wp-content\/uploads\/2010\/11\/Temperaturen1992-172x300.jpg\" alt=\"\" width=\"172\" height=\"300\" srcset=\"http:\/\/stanek.ch\/wordpress\/wp-content\/uploads\/2010\/11\/Temperaturen1992-172x300.jpg 172w, http:\/\/stanek.ch\/wordpress\/wp-content\/uploads\/2010\/11\/Temperaturen1992-589x1024.jpg 589w, http:\/\/stanek.ch\/wordpress\/wp-content\/uploads\/2010\/11\/Temperaturen1992.jpg 800w\" sizes=\"auto, (max-width: 172px) 100vw, 172px\" \/><\/a><\/p>\n<p>Zum Juli 2007: Nach K\u00e4lte von Neuseeland bis Schnee in Buenos Aires muss ja davon abgelenkt werden, dass die Globale Erw\u00e4rmung das Schicksal des Waldsterbens erlebt hat. Zumindest 2007. Differentialgleichungen mit t\u00e4glich neuen Anfangsbedingungen m\u00fcssen eben immer wieder zur\u00fcck auf Feld 1, und das Chaos des Wettergeschehens hat schon existiert, bevor die Politik erfunden wurde&#8230; Wie soll das Matterhorn wegen auftauendem Permafrost angeblich zerbr\u00f6seln bei Tauwetter \u00fcber 4000 Meter, wenn es Anfangs Juli 2007 um viele Grade k\u00e4lter ist dort oben als im Januar und die Schneefallgrenze sogar im Sommer auf 2000 Meter absinkt? <a href=\"http:\/\/www.pi-news.net\/2008\/03\/iccc-die-globale-erwaermung-ist-keine-krise\/\">Auch Andere haben es l\u00e4ngst gemerkt!<\/a><br \/>\nSorry! Wurde auch das schon zensuriert? 21.11.2017. Nein, nur sie Webseite ist manchmal etwas langsam, aber am 18. Oktober 2023 konnte ich sie noch abrufen!<\/p>\n","protected":false},"excerpt":{"rendered":"<p>Frage: wo bleibt der Erw\u00e4rmungs-Trend, wenn die Hitze-Extreme noch weiter in der ersten H\u00e4lfte des 20. Jahrhunderts zur\u00fcckliegen als die K\u00e4lte-Extreme? Die j\u00fcngste Kontrolle dieser Temperaturextreme unter Beizug der Daten bis 2006 hat ergeben, dass es von den 50 US-Staaten &hellip; <a href=\"http:\/\/stanek.ch\/wordpress\/weltgeschehen\/2007\/06\/die-aufzeichnungen-der-temperaturextreme-aus-den-50-us-staaten-im-20-jh-aus-dem-american-almanach\/\">Weiterlesen <span class=\"meta-nav\">&rarr;<\/span><\/a><\/p>\n","protected":false},"author":2,"featured_media":0,"comment_status":"closed","ping_status":"closed","sticky":false,"template":"","format":"standard","meta":{"footnotes":""},"categories":[1],"tags":[],"class_list":["post-423","post","type-post","status-publish","format-standard","hentry","category-weltgeschehen"],"_links":{"self":[{"href":"http:\/\/stanek.ch\/wordpress\/wp-json\/wp\/v2\/posts\/423","targetHints":{"allow":["GET"]}}],"collection":[{"href":"http:\/\/stanek.ch\/wordpress\/wp-json\/wp\/v2\/posts"}],"about":[{"href":"http:\/\/stanek.ch\/wordpress\/wp-json\/wp\/v2\/types\/post"}],"author":[{"embeddable":true,"href":"http:\/\/stanek.ch\/wordpress\/wp-json\/wp\/v2\/users\/2"}],"replies":[{"embeddable":true,"href":"http:\/\/stanek.ch\/wordpress\/wp-json\/wp\/v2\/comments?post=423"}],"version-history":[{"count":6,"href":"http:\/\/stanek.ch\/wordpress\/wp-json\/wp\/v2\/posts\/423\/revisions"}],"predecessor-version":[{"id":1580,"href":"http:\/\/stanek.ch\/wordpress\/wp-json\/wp\/v2\/posts\/423\/revisions\/1580"}],"wp:attachment":[{"href":"http:\/\/stanek.ch\/wordpress\/wp-json\/wp\/v2\/media?parent=423"}],"wp:term":[{"taxonomy":"category","embeddable":true,"href":"http:\/\/stanek.ch\/wordpress\/wp-json\/wp\/v2\/categories?post=423"},{"taxonomy":"post_tag","embeddable":true,"href":"http:\/\/stanek.ch\/wordpress\/wp-json\/wp\/v2\/tags?post=423"}],"curies":[{"name":"wp","href":"https:\/\/api.w.org\/{rel}","templated":true}]}}