{"id":3280,"date":"2014-01-08T17:33:11","date_gmt":"2014-01-08T16:33:11","guid":{"rendered":"http:\/\/stanek.ch\/wordpress\/?p=3280"},"modified":"2014-09-13T23:30:28","modified_gmt":"2014-09-13T22:30:28","slug":"sternguckerabend-am-freitag-12-september-2014-im-vogelsang-eich-lu-ob-sempach","status":"publish","type":"post","link":"http:\/\/stanek.ch\/wordpress\/vortragehistory\/2014\/01\/sternguckerabend-am-freitag-12-september-2014-im-vogelsang-eich-lu-ob-sempach\/","title":{"rendered":"Sternguckerabend am Freitag 12. September 2014 im Vogelsang (Eich LU ob Sempach)"},"content":{"rendered":"<p><strong>R\u00fcckblick:  <\/strong>Trotz absehbaren Wetterprognosen fand der festliche und informative Anlass f\u00fcr Geniesser von &#8222;Astro &#038; Gastro&#8220; in bester Stimmung statt. Konzentriertes Zuh\u00f6ren w\u00e4hrend den Referaten und beste K\u00fcche in den Erholungspausen dazwischen. Restaurant Vogelsang ist einfach Spitze &#8211; ich w\u00fcnsche mir wirklich, dass k\u00fcnftig eines der Vortragselemente aus noch aus klassischem Sterngucken vom grossen Garten hinter dem Himmel auf den S\u00fcd- und Westhimmel bestehen wird! Eigentlich fehlt dazu nur noch das Wetter, aber irgendwann wird die &#8222;Globale Erw\u00e4rmung&#8220; doch hoffentlich aus rein statistischen Gr\u00fcnden wieder einmal einen sch\u00f6nen Herbstabend zulassen und nicht nur K\u00e4lte, Regen oder gar Schnee bringen! Die Top-Stimmung im Saal und die vielen pers\u00f6nlichen Gespr\u00e4che liessen keinen Zweifel offen: viele Zuh\u00f6rer werden sich den Sternguckerabend auch in Zukunft wieder nicht entgehen lassen! Die Astronomie findet inzwischen n\u00e4mlich oberhalb der Wolken statt und hat dank astronautischer Fernsicht nichts vom ewigen Reiz des Themas verloren &#8211; im Gegenteil. <\/p>\n<p><strong>Einladungstext:<\/strong> Solche Anl\u00e4sse erwiesen sich bei jedem Wetter als Erfolg. Dies liegt seit Menschengedenken am Evergreen-Thema. Daher wird der Abend \u00e4hnlich ablaufen wie unsere Veranstaltung am <a href=\"http:\/\/stanek.ch\/wordpress\/vortragehistory\/2012\/10\/sternguckerabend-am-27-oktober-2012-im-vogelsang-eich-ob-sempach\/\">27. Oktober 2012<\/a>. Mit ziemlicher Sicherheit allerdings bei besserem Wetter als damals bei verfr\u00fchtem Schneefall&#8230; Die Stimmung beim dann voll zur Geltung kommendem Schlechtwetterprogramm, dazu den Erl\u00e4uterungen zur Astrofotografie und ihren Instrumenten durch Ruedi L\u00f6ffel und einem wirklich festlichen Diner ist den zahlreich erschienenen Sternguckern in bester Erinnerung geblieben.<\/p>\n<p><a href=\"http:\/\/stanek.ch\/wordpress\/wp-content\/uploads\/2014\/04\/VogelsangMenu2014.jpg\"><img loading=\"lazy\" decoding=\"async\" src=\"http:\/\/stanek.ch\/wordpress\/wp-content\/uploads\/2014\/04\/VogelsangMenu2014.jpg\" alt=\"\" title=\"VogelsangMenu2014\" width=\"900\" height=\"600\" class=\"alignnone size-full wp-image-3466\" srcset=\"http:\/\/stanek.ch\/wordpress\/wp-content\/uploads\/2014\/04\/VogelsangMenu2014.jpg 900w, http:\/\/stanek.ch\/wordpress\/wp-content\/uploads\/2014\/04\/VogelsangMenu2014-300x200.jpg 300w\" sizes=\"auto, (max-width: 900px) 100vw, 900px\" \/><\/a><\/p>\n","protected":false},"excerpt":{"rendered":"<p>R\u00fcckblick: Trotz absehbaren Wetterprognosen fand der festliche und informative Anlass f\u00fcr Geniesser von &#8222;Astro &#038; Gastro&#8220; in bester Stimmung statt. Konzentriertes Zuh\u00f6ren w\u00e4hrend den Referaten und beste K\u00fcche in den Erholungspausen dazwischen. Restaurant Vogelsang ist einfach Spitze &#8211; ich w\u00fcnsche &hellip; <a href=\"http:\/\/stanek.ch\/wordpress\/vortragehistory\/2014\/01\/sternguckerabend-am-freitag-12-september-2014-im-vogelsang-eich-lu-ob-sempach\/\">Weiterlesen <span class=\"meta-nav\">&rarr;<\/span><\/a><\/p>\n","protected":false},"author":2,"featured_media":0,"comment_status":"closed","ping_status":"closed","sticky":false,"template":"","format":"standard","meta":{"footnotes":""},"categories":[3],"tags":[],"class_list":["post-3280","post","type-post","status-publish","format-standard","hentry","category-vortragehistory"],"_links":{"self":[{"href":"http:\/\/stanek.ch\/wordpress\/wp-json\/wp\/v2\/posts\/3280","targetHints":{"allow":["GET"]}}],"collection":[{"href":"http:\/\/stanek.ch\/wordpress\/wp-json\/wp\/v2\/posts"}],"about":[{"href":"http:\/\/stanek.ch\/wordpress\/wp-json\/wp\/v2\/types\/post"}],"author":[{"embeddable":true,"href":"http:\/\/stanek.ch\/wordpress\/wp-json\/wp\/v2\/users\/2"}],"replies":[{"embeddable":true,"href":"http:\/\/stanek.ch\/wordpress\/wp-json\/wp\/v2\/comments?post=3280"}],"version-history":[{"count":23,"href":"http:\/\/stanek.ch\/wordpress\/wp-json\/wp\/v2\/posts\/3280\/revisions"}],"predecessor-version":[{"id":3533,"href":"http:\/\/stanek.ch\/wordpress\/wp-json\/wp\/v2\/posts\/3280\/revisions\/3533"}],"wp:attachment":[{"href":"http:\/\/stanek.ch\/wordpress\/wp-json\/wp\/v2\/media?parent=3280"}],"wp:term":[{"taxonomy":"category","embeddable":true,"href":"http:\/\/stanek.ch\/wordpress\/wp-json\/wp\/v2\/categories?post=3280"},{"taxonomy":"post_tag","embeddable":true,"href":"http:\/\/stanek.ch\/wordpress\/wp-json\/wp\/v2\/tags?post=3280"}],"curies":[{"name":"wp","href":"https:\/\/api.w.org\/{rel}","templated":true}]}}