{"id":3224,"date":"2014-01-01T08:15:01","date_gmt":"2014-01-01T07:15:01","guid":{"rendered":"http:\/\/stanek.ch\/wordpress\/?p=3224"},"modified":"2014-05-11T10:19:25","modified_gmt":"2014-05-11T09:19:25","slug":"sternguckerabend-am-10-mai-2014-in-bad-ramsach","status":"publish","type":"post","link":"http:\/\/stanek.ch\/wordpress\/vortragehistory\/2014\/01\/sternguckerabend-am-10-mai-2014-in-bad-ramsach\/","title":{"rendered":"Sternguckerabend am 10. Mai 2014 in Bad Ramsach (BL)"},"content":{"rendered":"<p>Ruedi L\u00f6ffel organisierte zum zweiten Mal mit mir einen solchen Anlass und wir hofften nat\u00fcrlich auf etwas klaren Himmel zwischen den Events, wie wir es diesen Fr\u00fchling eigentlich erwarten konnten. Der j\u00fcngste Wetterbericht in den Tagen zuvor war denn auch gar nicht mehr so schlecht. Wie auch immer: wir waren mit einem Sch\u00f6n- und einem Schlechtwetterprogramm ger\u00fcstet, und auch die bew\u00e4hrte K\u00fcche im Ausflugsrestaurant war parat. Ich berichtete in zwei Teilen \u00fcber die aktuellsten Geschehnisse in der Raumfahrt und hatte Zeit zum Gedankenaustausch mit den G\u00e4sten. Nat\u00fcrlich hatte ich mich auch selber auf den Blick live in das 14-Zoll-Teleskop gefreut, aber die Wolken haben sich an diesem Abend nicht mehr verzogen. Trotzdem zeigten sich die Zuh\u00f6rer zufrieden von den Ausf\u00fchrungen aus Astronomie und Astronautik und blieben noch bis nach 23 Uhr. Ruedi L\u00f6ffel nutzte die Zeit zur Erl\u00e4uterung von Distanz- und Gr\u00f6ssenverh\u00e4ltnissen im Universum unter Verwendung neuer Pr\u00e4sentationen aus dem Internet sowie seiner eigenen von Jahr zu Jahr noch besser werdenden Astroaufnahmen. Bei mir erfuhren die Zuh\u00f6rer \u00fcber den Stand der Fahrten des Marsautos Curiosity bis zu diesen j\u00fcngsten Tagen, den Stand aller unterwegs befindlichen und noch geplanten Planetenmissionen und die \u00fcberraschenden Fortschritte der Firma SpaceX bei der Privatisierung der Raumfahrt, welche die staatlich verf\u00fcgten Sackgassen der Obama-Administration derzeit durchbrechen. Nicht wenige waren vom Thema wieder so fasziniert wie bei meinen TV-Sendungen und versprachen bei weiteren solchen Anl\u00e4ssen dabei zu sein, wo sie auch Pikantes erfahren, das in der Presse untergeht oder von Zeitgeist bewusst verschwiegen wird. Wetterpech d\u00fcrfte eigentlich aus statistischen Gr\u00fcnden immer unwahrscheinlicher werden: in der Schweiz ist es zwar an zwei von drei Tagen wolkig, aber nicht an jedem Tag&#8230; So oder so: weitere \u00f6ffentliche und privat organisierte Weltraumvortr\u00e4ge sind auch f\u00fcr 2014 und 2015 schon wieder geplant.<\/p>\n<p><a href=\"http:\/\/stanek.ch\/wordpress\/wp-content\/uploads\/2014\/04\/Flyer_A5_web.jpg\"><img loading=\"lazy\" decoding=\"async\" src=\"http:\/\/stanek.ch\/wordpress\/wp-content\/uploads\/2014\/04\/Flyer_A5_web.jpg\" alt=\"\" title=\"Flyer_A5_web\" width=\"3624\" height=\"2486\" class=\"alignnone size-full wp-image-3225\" srcset=\"http:\/\/stanek.ch\/wordpress\/wp-content\/uploads\/2014\/04\/Flyer_A5_web.jpg 3624w, http:\/\/stanek.ch\/wordpress\/wp-content\/uploads\/2014\/04\/Flyer_A5_web-300x205.jpg 300w, http:\/\/stanek.ch\/wordpress\/wp-content\/uploads\/2014\/04\/Flyer_A5_web-1024x702.jpg 1024w\" sizes=\"auto, (max-width: 3624px) 100vw, 3624px\" \/><\/a><\/p>\n","protected":false},"excerpt":{"rendered":"<p>Ruedi L\u00f6ffel organisierte zum zweiten Mal mit mir einen solchen Anlass und wir hofften nat\u00fcrlich auf etwas klaren Himmel zwischen den Events, wie wir es diesen Fr\u00fchling eigentlich erwarten konnten. Der j\u00fcngste Wetterbericht in den Tagen zuvor war denn auch &hellip; <a href=\"http:\/\/stanek.ch\/wordpress\/vortragehistory\/2014\/01\/sternguckerabend-am-10-mai-2014-in-bad-ramsach\/\">Weiterlesen <span class=\"meta-nav\">&rarr;<\/span><\/a><\/p>\n","protected":false},"author":2,"featured_media":0,"comment_status":"closed","ping_status":"closed","sticky":false,"template":"","format":"standard","meta":{"footnotes":""},"categories":[3],"tags":[],"class_list":["post-3224","post","type-post","status-publish","format-standard","hentry","category-vortragehistory"],"_links":{"self":[{"href":"http:\/\/stanek.ch\/wordpress\/wp-json\/wp\/v2\/posts\/3224","targetHints":{"allow":["GET"]}}],"collection":[{"href":"http:\/\/stanek.ch\/wordpress\/wp-json\/wp\/v2\/posts"}],"about":[{"href":"http:\/\/stanek.ch\/wordpress\/wp-json\/wp\/v2\/types\/post"}],"author":[{"embeddable":true,"href":"http:\/\/stanek.ch\/wordpress\/wp-json\/wp\/v2\/users\/2"}],"replies":[{"embeddable":true,"href":"http:\/\/stanek.ch\/wordpress\/wp-json\/wp\/v2\/comments?post=3224"}],"version-history":[{"count":15,"href":"http:\/\/stanek.ch\/wordpress\/wp-json\/wp\/v2\/posts\/3224\/revisions"}],"predecessor-version":[{"id":3322,"href":"http:\/\/stanek.ch\/wordpress\/wp-json\/wp\/v2\/posts\/3224\/revisions\/3322"}],"wp:attachment":[{"href":"http:\/\/stanek.ch\/wordpress\/wp-json\/wp\/v2\/media?parent=3224"}],"wp:term":[{"taxonomy":"category","embeddable":true,"href":"http:\/\/stanek.ch\/wordpress\/wp-json\/wp\/v2\/categories?post=3224"},{"taxonomy":"post_tag","embeddable":true,"href":"http:\/\/stanek.ch\/wordpress\/wp-json\/wp\/v2\/tags?post=3224"}],"curies":[{"name":"wp","href":"https:\/\/api.w.org\/{rel}","templated":true}]}}