{"id":3164,"date":"2013-12-22T17:58:58","date_gmt":"2013-12-22T16:58:58","guid":{"rendered":"http:\/\/stanek.ch\/wordpress\/?p=3164"},"modified":"2014-07-28T10:56:26","modified_gmt":"2014-07-28T09:56:26","slug":"solardebakel-ausser-den-verursachenden-politikern-und-profiteuren-haben-es-langsam-alle-gemerkt","status":"publish","type":"post","link":"http:\/\/stanek.ch\/wordpress\/weltgeschehen\/2013\/12\/solardebakel-ausser-den-verursachenden-politikern-und-profiteuren-haben-es-langsam-alle-gemerkt\/","title":{"rendered":"Solardebakel &#8211; ausser den verursachenden Politikern und Profiteuren haben es langsam alle gemerkt"},"content":{"rendered":"<p>Die Weltwoche hat sich immer wieder verdient gemacht, ungeliebte Wahrheiten den staatlichen Propagandamaschinen zuwider bekannt zu machen. Ihr stehen ausgezeichnete Autoren zur Verf\u00fcgung, die sich mit bemerkenswertem Gesp\u00fcr bei Fachleuten mit gr\u00fcndlichen technischen Kenntnissen informieren. Ein Musterbeispiel ist dieser im M\u00e4rz 2014 erschienene Artikel, bei dem ein interessierter Zeitgenosse, der sich seit Jahren mit dem Thema vertraut gemacht hat, so ziemlich alles Wichtige in logischer Folge dargestellt findet. Man kann den Beitrag mit bestem Gewissen allen Freunden empfehlen, die nicht \u00fcber die Zeit verf\u00fcgen, die komplexe Materie aus Bruchst\u00fccken zusammenzusuchen. Hier finden sie nun wirklich alle Fakten, von denen aufmerksame B\u00fcrger l\u00e4ngst gemerkt haben, dass sie doch irgendwo existieren m\u00fcssen! Gleichzeitig mit bester Empfehlung der Weltwoche, ohne die es viel leichter w\u00e4re, das Schweizer Volk hinter&#8217;s Licht zu f\u00fchren. &#8212; Danke \u00fcbrigens allen Re-Tweetern, denen der Beitrag offenbar gefallen hat.<\/p>\n<p><a href=\"http:\/\/stanek.ch\/wordpress\/wp-content\/uploads\/2014\/03\/Solardebakel-1.jpg\"><img loading=\"lazy\" decoding=\"async\" src=\"http:\/\/stanek.ch\/wordpress\/wp-content\/uploads\/2014\/03\/Solardebakel-1.jpg\" alt=\"\" title=\"Solardebakel-1\" width=\"1024\" height=\"1391\" class=\"alignnone size-full wp-image-3165\" srcset=\"http:\/\/stanek.ch\/wordpress\/wp-content\/uploads\/2014\/03\/Solardebakel-1.jpg 1024w, http:\/\/stanek.ch\/wordpress\/wp-content\/uploads\/2014\/03\/Solardebakel-1-220x300.jpg 220w, http:\/\/stanek.ch\/wordpress\/wp-content\/uploads\/2014\/03\/Solardebakel-1-753x1024.jpg 753w\" sizes=\"auto, (max-width: 1024px) 100vw, 1024px\" \/><\/a><\/p>\n<p><a href=\"http:\/\/stanek.ch\/wordpress\/wp-content\/uploads\/2014\/03\/Solardebakel-2.jpg\"><img loading=\"lazy\" decoding=\"async\" src=\"http:\/\/stanek.ch\/wordpress\/wp-content\/uploads\/2014\/03\/Solardebakel-2.jpg\" alt=\"\" title=\"Solardebakel-2\" width=\"1024\" height=\"1210\" class=\"alignnone size-full wp-image-3166\" srcset=\"http:\/\/stanek.ch\/wordpress\/wp-content\/uploads\/2014\/03\/Solardebakel-2.jpg 1024w, http:\/\/stanek.ch\/wordpress\/wp-content\/uploads\/2014\/03\/Solardebakel-2-253x300.jpg 253w, http:\/\/stanek.ch\/wordpress\/wp-content\/uploads\/2014\/03\/Solardebakel-2-866x1024.jpg 866w\" sizes=\"auto, (max-width: 1024px) 100vw, 1024px\" \/><\/a><\/p>\n<p><a href=\"http:\/\/stanek.ch\/wordpress\/wp-content\/uploads\/2014\/03\/Solardebakel-3.jpg\"><img loading=\"lazy\" decoding=\"async\" src=\"http:\/\/stanek.ch\/wordpress\/wp-content\/uploads\/2014\/03\/Solardebakel-3.jpg\" alt=\"\" title=\"Solardebakel-3\" width=\"2875\" height=\"2478\" class=\"alignnone size-full wp-image-3167\" srcset=\"http:\/\/stanek.ch\/wordpress\/wp-content\/uploads\/2014\/03\/Solardebakel-3.jpg 2875w, http:\/\/stanek.ch\/wordpress\/wp-content\/uploads\/2014\/03\/Solardebakel-3-300x258.jpg 300w, http:\/\/stanek.ch\/wordpress\/wp-content\/uploads\/2014\/03\/Solardebakel-3-1024x882.jpg 1024w\" sizes=\"auto, (max-width: 2875px) 100vw, 2875px\" \/><\/a><\/p>\n<p>Ausser einer ersten Illustration sind alle Bilder aus Respekt vor dem Print-Original weggelassen.<\/p>\n<p>Heiterer Schlusspunkt zum Thema:<\/p>\n<p>Deutschland ist total von Sinnen,<br \/>\ndie Schweiz f\u00e4ngt auch schon an zu spinnen,<br \/>\nBern plant Anschluss ans Reich,<br \/>\nSind denn alle birnenweich?<br \/>\nBanken leben von Inflation statt von den Zinsen,<br \/>\ndie Energiewirtschaft geht in die Binsen,<br \/>\nes ist fast wie im Alten Rom,<br \/>\nder Wohlstand geht hinab den Strom.<\/p>\n","protected":false},"excerpt":{"rendered":"<p>Die Weltwoche hat sich immer wieder verdient gemacht, ungeliebte Wahrheiten den staatlichen Propagandamaschinen zuwider bekannt zu machen. Ihr stehen ausgezeichnete Autoren zur Verf\u00fcgung, die sich mit bemerkenswertem Gesp\u00fcr bei Fachleuten mit gr\u00fcndlichen technischen Kenntnissen informieren. Ein Musterbeispiel ist dieser im &hellip; <a href=\"http:\/\/stanek.ch\/wordpress\/weltgeschehen\/2013\/12\/solardebakel-ausser-den-verursachenden-politikern-und-profiteuren-haben-es-langsam-alle-gemerkt\/\">Weiterlesen <span class=\"meta-nav\">&rarr;<\/span><\/a><\/p>\n","protected":false},"author":2,"featured_media":0,"comment_status":"closed","ping_status":"closed","sticky":false,"template":"","format":"standard","meta":{"footnotes":""},"categories":[1],"tags":[],"class_list":["post-3164","post","type-post","status-publish","format-standard","hentry","category-weltgeschehen"],"_links":{"self":[{"href":"http:\/\/stanek.ch\/wordpress\/wp-json\/wp\/v2\/posts\/3164","targetHints":{"allow":["GET"]}}],"collection":[{"href":"http:\/\/stanek.ch\/wordpress\/wp-json\/wp\/v2\/posts"}],"about":[{"href":"http:\/\/stanek.ch\/wordpress\/wp-json\/wp\/v2\/types\/post"}],"author":[{"embeddable":true,"href":"http:\/\/stanek.ch\/wordpress\/wp-json\/wp\/v2\/users\/2"}],"replies":[{"embeddable":true,"href":"http:\/\/stanek.ch\/wordpress\/wp-json\/wp\/v2\/comments?post=3164"}],"version-history":[{"count":8,"href":"http:\/\/stanek.ch\/wordpress\/wp-json\/wp\/v2\/posts\/3164\/revisions"}],"predecessor-version":[{"id":3455,"href":"http:\/\/stanek.ch\/wordpress\/wp-json\/wp\/v2\/posts\/3164\/revisions\/3455"}],"wp:attachment":[{"href":"http:\/\/stanek.ch\/wordpress\/wp-json\/wp\/v2\/media?parent=3164"}],"wp:term":[{"taxonomy":"category","embeddable":true,"href":"http:\/\/stanek.ch\/wordpress\/wp-json\/wp\/v2\/categories?post=3164"},{"taxonomy":"post_tag","embeddable":true,"href":"http:\/\/stanek.ch\/wordpress\/wp-json\/wp\/v2\/tags?post=3164"}],"curies":[{"name":"wp","href":"https:\/\/api.w.org\/{rel}","templated":true}]}}