{"id":28,"date":"2011-01-16T07:44:25","date_gmt":"2011-01-16T06:44:25","guid":{"rendered":"http:\/\/stanek.ch\/wordpress\/?p=28"},"modified":"2011-02-06T16:44:09","modified_gmt":"2011-02-06T15:44:09","slug":"sonntag-16-januar-2011-im-kino-im-uferbau-beim-restaurant-sol-heure-am-ritterquai-10-an-der-aare-altstadt-seite-in-solothurn-um-17-uhr","status":"publish","type":"post","link":"http:\/\/stanek.ch\/wordpress\/vortragehistory\/2011\/01\/sonntag-16-januar-2011-im-kino-im-uferbau-beim-restaurant-sol-heure-am-ritterquai-10-an-der-aare-altstadt-seite-in-solothurn-um-17-uhr\/","title":{"rendered":"Sonntag, 16. Januar 2011 im Kino im Uferbau in Solothurn um 17 Uhr:"},"content":{"rendered":"<p>Sonntag, 16. Januar 2011 im Kino im Uferbau\u00a0beim Restaurant &#8222;Sol Heure&#8220; am Ritterquai 10 an der Aare-Altstadt-Seite in Solothurn<\/p>\n<p>Filmveranstaltung \u00abFlugjahre zum Mond\u00bb, der zweite abendf\u00fcllende Kinofilm von Bruno Stanek als Erg\u00e4nzung seiner Vortragst\u00e4tigkeit, erneut auch in der Filmstadt Solothurn! Ein 106min\u00fctiges Programm mit Pause erwartete Alle, die wieder einmal der Faszination des Ausserirdischen erliegen &#8211; und sogar noch etwas lernen &#8211; wollten. Das originelle Kino neben dem Trendlokal &#8222;Sol Heure&#8220; bot die richtige Ambiance. Krankheitshalber musste ich meine Grussworte zur Er\u00f6ffnung zum ersten Mal in 43 Jahren per Audio-CD statt live an das Publikum richten. Meine Frau, assistiert von Evi Bruhin, haben mich jedoch w\u00fcrdig vertreten und den Abend mit einer Reihe von Freunden geniessen k\u00f6nnen. Auch sie konnten allerdings nicht verhindern, dass der hauseigene Beamer etwas falsch eingestellt war. Der Film begeisterte auch in Solothurn dermassen, dass dies sogar von unserer Seite erst im Verlaufe der Vorf\u00fchrung bemerkt wurde.<\/p>\n<p><img loading=\"lazy\" decoding=\"async\" class=\"alignnone size-full wp-image-29\" title=\"KinoplakatSolothurn2011Web\" src=\"http:\/\/stanek.ch\/wordpress\/wp-content\/uploads\/2010\/11\/KinoplakatSolothurn2011Web.jpg\" alt=\"\" width=\"356\" height=\"512\" srcset=\"http:\/\/stanek.ch\/wordpress\/wp-content\/uploads\/2010\/11\/KinoplakatSolothurn2011Web.jpg 356w, http:\/\/stanek.ch\/wordpress\/wp-content\/uploads\/2010\/11\/KinoplakatSolothurn2011Web-208x300.jpg 208w\" sizes=\"auto, (max-width: 356px) 100vw, 356px\" \/><\/p>\n","protected":false},"excerpt":{"rendered":"<p>Sonntag, 16. Januar 2011 im Kino im Uferbau\u00a0beim Restaurant &#8222;Sol Heure&#8220; am Ritterquai 10 an der Aare-Altstadt-Seite in Solothurn Filmveranstaltung \u00abFlugjahre zum Mond\u00bb, der zweite abendf\u00fcllende Kinofilm von Bruno Stanek als Erg\u00e4nzung seiner Vortragst\u00e4tigkeit, erneut auch in der Filmstadt Solothurn! &hellip; <a href=\"http:\/\/stanek.ch\/wordpress\/vortragehistory\/2011\/01\/sonntag-16-januar-2011-im-kino-im-uferbau-beim-restaurant-sol-heure-am-ritterquai-10-an-der-aare-altstadt-seite-in-solothurn-um-17-uhr\/\">Weiterlesen <span class=\"meta-nav\">&rarr;<\/span><\/a><\/p>\n","protected":false},"author":1,"featured_media":0,"comment_status":"open","ping_status":"open","sticky":false,"template":"","format":"standard","meta":{"footnotes":""},"categories":[3],"tags":[],"class_list":["post-28","post","type-post","status-publish","format-standard","hentry","category-vortragehistory"],"_links":{"self":[{"href":"http:\/\/stanek.ch\/wordpress\/wp-json\/wp\/v2\/posts\/28","targetHints":{"allow":["GET"]}}],"collection":[{"href":"http:\/\/stanek.ch\/wordpress\/wp-json\/wp\/v2\/posts"}],"about":[{"href":"http:\/\/stanek.ch\/wordpress\/wp-json\/wp\/v2\/types\/post"}],"author":[{"embeddable":true,"href":"http:\/\/stanek.ch\/wordpress\/wp-json\/wp\/v2\/users\/1"}],"replies":[{"embeddable":true,"href":"http:\/\/stanek.ch\/wordpress\/wp-json\/wp\/v2\/comments?post=28"}],"version-history":[{"count":15,"href":"http:\/\/stanek.ch\/wordpress\/wp-json\/wp\/v2\/posts\/28\/revisions"}],"predecessor-version":[{"id":31,"href":"http:\/\/stanek.ch\/wordpress\/wp-json\/wp\/v2\/posts\/28\/revisions\/31"}],"wp:attachment":[{"href":"http:\/\/stanek.ch\/wordpress\/wp-json\/wp\/v2\/media?parent=28"}],"wp:term":[{"taxonomy":"category","embeddable":true,"href":"http:\/\/stanek.ch\/wordpress\/wp-json\/wp\/v2\/categories?post=28"},{"taxonomy":"post_tag","embeddable":true,"href":"http:\/\/stanek.ch\/wordpress\/wp-json\/wp\/v2\/tags?post=28"}],"curies":[{"name":"wp","href":"https:\/\/api.w.org\/{rel}","templated":true}]}}