{"id":2546,"date":"2013-09-12T23:35:20","date_gmt":"2013-09-12T22:35:20","guid":{"rendered":"http:\/\/stanek.ch\/wordpress\/?p=2546"},"modified":"2013-09-14T10:38:11","modified_gmt":"2013-09-14T09:38:11","slug":"eroffnungsreferat-semesterbeginn-20132014-seniorenuniversitat-luzern","status":"publish","type":"post","link":"http:\/\/stanek.ch\/wordpress\/vortragehistory\/2013\/09\/eroffnungsreferat-semesterbeginn-20132014-seniorenuniversitat-luzern\/","title":{"rendered":"Er\u00f6ffnungsreferat zum Semesterbeginn 2013\/2014 an der Seniorenuniversit\u00e4t Luzern"},"content":{"rendered":"<p>12. September 2013 ab 15:30 an der Universit\u00e4t Luzern. Ein festlicher Anlass, der f\u00fcr einmal die Freude \u00fcber den Erfolg bei der Erforschung unseres Universums seit mindestens 2500 Jahren zu beiden Seiten des natur- und geisteswissenschaftlichen \u00ab\u00c4quators\u00bb zug\u00e4nglich machte. Besucht von 370 Zuh\u00f6rern.<\/p>\n<p><a href=\"http:\/\/stanek.ch\/wordpress\/wp-content\/uploads\/2013\/09\/0001326348.jpg\"><img loading=\"lazy\" decoding=\"async\" src=\"http:\/\/stanek.ch\/wordpress\/wp-content\/uploads\/2013\/09\/0001326348.jpg\" alt=\"\" title=\"0001326348\" width=\"491\" height=\"721\" class=\"alignnone size-full wp-image-2547\" srcset=\"http:\/\/stanek.ch\/wordpress\/wp-content\/uploads\/2013\/09\/0001326348.jpg 491w, http:\/\/stanek.ch\/wordpress\/wp-content\/uploads\/2013\/09\/0001326348-204x300.jpg 204w\" sizes=\"auto, (max-width: 491px) 100vw, 491px\" \/><\/a><\/p>\n","protected":false},"excerpt":{"rendered":"<p>12. September 2013 ab 15:30 an der Universit\u00e4t Luzern. Ein festlicher Anlass, der f\u00fcr einmal die Freude \u00fcber den Erfolg bei der Erforschung unseres Universums seit mindestens 2500 Jahren zu beiden Seiten des natur- und geisteswissenschaftlichen \u00ab\u00c4quators\u00bb zug\u00e4nglich machte. Besucht &hellip; <a href=\"http:\/\/stanek.ch\/wordpress\/vortragehistory\/2013\/09\/eroffnungsreferat-semesterbeginn-20132014-seniorenuniversitat-luzern\/\">Weiterlesen <span class=\"meta-nav\">&rarr;<\/span><\/a><\/p>\n","protected":false},"author":2,"featured_media":0,"comment_status":"open","ping_status":"open","sticky":false,"template":"","format":"standard","meta":{"footnotes":""},"categories":[3],"tags":[],"class_list":["post-2546","post","type-post","status-publish","format-standard","hentry","category-vortragehistory"],"_links":{"self":[{"href":"http:\/\/stanek.ch\/wordpress\/wp-json\/wp\/v2\/posts\/2546","targetHints":{"allow":["GET"]}}],"collection":[{"href":"http:\/\/stanek.ch\/wordpress\/wp-json\/wp\/v2\/posts"}],"about":[{"href":"http:\/\/stanek.ch\/wordpress\/wp-json\/wp\/v2\/types\/post"}],"author":[{"embeddable":true,"href":"http:\/\/stanek.ch\/wordpress\/wp-json\/wp\/v2\/users\/2"}],"replies":[{"embeddable":true,"href":"http:\/\/stanek.ch\/wordpress\/wp-json\/wp\/v2\/comments?post=2546"}],"version-history":[{"count":4,"href":"http:\/\/stanek.ch\/wordpress\/wp-json\/wp\/v2\/posts\/2546\/revisions"}],"predecessor-version":[{"id":2550,"href":"http:\/\/stanek.ch\/wordpress\/wp-json\/wp\/v2\/posts\/2546\/revisions\/2550"}],"wp:attachment":[{"href":"http:\/\/stanek.ch\/wordpress\/wp-json\/wp\/v2\/media?parent=2546"}],"wp:term":[{"taxonomy":"category","embeddable":true,"href":"http:\/\/stanek.ch\/wordpress\/wp-json\/wp\/v2\/categories?post=2546"},{"taxonomy":"post_tag","embeddable":true,"href":"http:\/\/stanek.ch\/wordpress\/wp-json\/wp\/v2\/tags?post=2546"}],"curies":[{"name":"wp","href":"https:\/\/api.w.org\/{rel}","templated":true}]}}