{"id":2218,"date":"2013-11-26T16:00:40","date_gmt":"2013-11-26T15:00:40","guid":{"rendered":"http:\/\/stanek.ch\/wordpress\/?p=2218"},"modified":"2017-10-19T17:32:57","modified_gmt":"2017-10-19T16:32:57","slug":"25-november-in-zurich-filmabend-flugjahre-zum-mond","status":"publish","type":"post","link":"http:\/\/stanek.ch\/wordpress\/vortragehistory\/2013\/11\/25-november-in-zurich-filmabend-flugjahre-zum-mond\/","title":{"rendered":"25. November 2013 um 19:30 in Z\u00fcrich: Filmabend &#8222;Flugjahre zum Mond&#8220;."},"content":{"rendered":"<p>Ein paar sehr positive Erfahrungen mit diesem Referat im R\u00fcckblick: Die <a href=\"http:\/\/www.Skeptiker.ch\">Skeptiker Schweiz<\/a> und der Vortragsort in einem modernen H\u00f6rsaal nur Schritte entfernt des Z\u00fcrcher Hauptbahnhofes erwies sich als das ideale Umfeld f\u00fcr diese Veranstaltung!<br \/>\nEin Publikum, das auch einen Vortrag geniesst, der den Bereich der \u00fcblichen Standardansichten und Soll-Meinungen verl\u00e4sst und mit nachweisbarem Schwachsinn, unter dem auch diese Zuh\u00f6rer jahraus jahrein gelitten haben, erbarmungslos aufr\u00e4umt. Hier sprach man einmal zu echten Skeptikern, die nicht Fakten in Frage stellen, sondern Falschvorstellungen. So teilte man untereinander viele Erfahrungen, auch \u00fcber den Bereich der Raumfahrt hinaus. Einen solchen Applaus nach jedem der drei Teile des Videos w\u00fcnsche ich jedem Filmemacher, der ausserdem noch das Privileg hat, sein Werk live zu moderieren. <\/p>\n<p><a href=\"http:\/\/stanek.ch\/wordpress\/wp-content\/uploads\/2013\/11\/1394795_436327846479578_1610773232_n.jpg\"><img loading=\"lazy\" decoding=\"async\" src=\"http:\/\/stanek.ch\/wordpress\/wp-content\/uploads\/2013\/11\/1394795_436327846479578_1610773232_n.jpg\" alt=\"\" title=\"1394795_436327846479578_1610773232_n\" width=\"300\" height=\"403\" class=\"alignnone size-full wp-image-2851\" srcset=\"http:\/\/stanek.ch\/wordpress\/wp-content\/uploads\/2013\/11\/1394795_436327846479578_1610773232_n.jpg 300w, http:\/\/stanek.ch\/wordpress\/wp-content\/uploads\/2013\/11\/1394795_436327846479578_1610773232_n-223x300.jpg 223w\" sizes=\"auto, (max-width: 300px) 100vw, 300px\" \/><\/a><br \/>\nEin Novum war die Einleitung zur Pause und zu Signierungen der gleichnamigen interaktivem (Multimedia-)-DVD Flugjahre zum Mond. Folgender Link zeigt den Trailer f\u00fcr diese <a href=\"https:\/\/www.dropbox.com\/s\/i8rafitw3xxwwuf\/StanekTrailer4.mp4?dl=0\">DVD-Promotion<\/a>, den mir der internationale Film-, TV- und Trailer Komponist\/Produzent Thomas Zbornik <a href=\"http:\/\/www.soundadventures.tv\">www.soundadventures.tv<\/a> &#8211;>> (<a href=\"http:\/\/stanek.ch\/wordpress\/wp-content\/uploads\/2017\/10\/Sound_Adventures_Thomas_Zbornik-38-1.jpg\"><a href=\"http:\/\/stanek.ch\/wordpress\/wp-content\/uploads\/2013\/11\/Sound_Adventures_Thomas_Zbornik-38-1.jpg\">hier in seinem Schweizer Studio<\/a><\/a>) zum Spass und aller Freude \u00fcber Nacht produziert hatte!<\/p>\n<p>Zwei weitere Beispiele von Movie Trailers aus dem Soundadventure-Studio von<br \/>\nThomas Zbornik:<br \/>\n<a href=\"https:\/\/youtu.be\/-BV-NYqCqOU\">&#8222;Pantheon&#8220; From the Nemesis Album<\/a><br \/>\n<a href=\"https:\/\/youtu.be\/EW7S2Bny6bg\">Show Reel 2012<\/a><\/p>\n<p>Die Vereinigung der Skeptiker Schweiz, ein Verein f\u00fcr kritisches Denken, veranstaltete diesen Filmabend mit mir zur umfassend informativen Entkr\u00e4ftung der v\u00f6llig unn\u00f6tigen &#8222;Mondzweifel&#8220;. Ort: H\u00f6rsaal LAA-J002C an der P\u00e4dagogischen Hochschule Z\u00fcrich, Lagerstrasse 2, 8004 Z\u00fcrich. Direkt hinter der Sihlpost neben dem Hauptbahnhof Z\u00fcrich. <a href=\"http:\/\/phzh.ch\/Documents\/phzh.ch\/Ueber_uns\/Organisation\/Wegbeschreibung_PHZuerich_LAA.pdf\">Genaueres zur Anfahrt, auch mit dem Auto, hier.<\/a> Saal\u00f6ffnung 19 Uhr. Ticket an der Abendkasse 15 Franken.<\/p>\n<p>Bruno Stanek\u2019s Videofilm ist auf Grund seiner Jahrzehnte langen TV-Erfahrungen und Videoproduktionen f\u00fcr seine damaligen multimedialen Weltraumlexika entstanden. Nirgends wurde eine zugleich moderne Darstellung der Apollo-Mondexpeditionen von 1968-1972, eine ausf\u00fchrlich begr\u00fcndete und mit neuestem Bildmaterial untermauerte Entkr\u00e4ftung aller Zweifel an den damaligen Landungen und ein technologischer \u00dcberblick der heutigen M\u00f6glichkeiten bei der Wiederaufnahme von Fl\u00fcgen versucht. Bei Vorf\u00fchrungen f\u00fchrt Stanek jeden Teil des 106min\u00fctigen Werkes in drei Teilen mit einer Kurzmoderation ein und steht am Schluss f\u00fcr die Beantwortung von Fragen zur Verf\u00fcgung. Eine Pause findet nach den ersten beiden Segmenten statt. Highlights sind erst sehr selten ver\u00f6ffentlichte und neu in bester Aufl\u00f6sung gescannte farbige 16mm-Filmaufnahmen aus dem Apollo-Programm. Der 106min\u00fctige Videofilm in drei Teilen beinhaltet auch bereits erfolgte Entwicklungsarbeiten f\u00fcr k\u00fcnftige Expeditionen, insbesondere die Kartografierung durch den unbemannten Lunar Reconnaissance Orbiter und die ermutigende Best\u00e4tigung von Wassereis usw. am S\u00fcdpol des Mondes. Den Schluss bildet ein umfassend animierter Video aus NASA-Material, das bereits den von der Technik her absehbaren Ablauf k\u00fcnftiger Mondfl\u00fcge und den Beginn einer Mondbesiedlung zeigt.<br \/>\nDer Film &#8222;Flugjahre zum Mond&#8220; (gleichnamig zu Staneks interaktiver DVD \u00fcber alle Aspekte damaliger und k\u00fcnftiger Mondfl\u00fcge) entstand aus diesem historischen und technologischen Material. Er ist jedoch bereits erg\u00e4nzt mit den neuesten Aufnahmen der Mondlandepl\u00e4tze und als grossformatiger Film nat\u00fcrlich eindr\u00fccklich und k\u00fcrzer in 106 Minuten zu geniessen. Die DVD erfordert dagegen etwa 10 Stunden, ist aber weiterhin k\u00e4uflich.<\/p>\n<p><a href=\"http:\/\/stanek.ch\/wordpress\/wp-content\/uploads\/2013\/05\/PlakatZuerich2013Web.jpg\"><img loading=\"lazy\" decoding=\"async\" src=\"http:\/\/stanek.ch\/wordpress\/wp-content\/uploads\/2013\/05\/PlakatZuerich2013Web.jpg\" alt=\"\" title=\"PlakatZuerich2013Web\" width=\"640\" height=\"920\" class=\"alignnone size-full wp-image-2380\" srcset=\"http:\/\/stanek.ch\/wordpress\/wp-content\/uploads\/2013\/05\/PlakatZuerich2013Web.jpg 640w, http:\/\/stanek.ch\/wordpress\/wp-content\/uploads\/2013\/05\/PlakatZuerich2013Web-208x300.jpg 208w\" sizes=\"auto, (max-width: 640px) 100vw, 640px\" \/><\/a><\/p>\n<p>Hier ein Interview zum Thema im Z\u00fcrcher Tages-Anzeiger <a href='http:\/\/stanek.ch\/wordpress\/wp-content\/uploads\/2013\/11\/interview-tagesanzeiger-201311231.pdf'>PDF<\/a> zwei Tage vor dem Filmabend.<\/p>\n<p>Hier der Flyer der Vereinigung der Skeptiker Schweiz:<\/p>\n<p><a href='http:\/\/stanek.ch\/wordpress\/wp-content\/uploads\/2013\/05\/flugjarhe-flyer-web.pdf'>flugjarhe-flyer-web<\/a><\/p>\n","protected":false},"excerpt":{"rendered":"<p>Ein paar sehr positive Erfahrungen mit diesem Referat im R\u00fcckblick: Die Skeptiker Schweiz und der Vortragsort in einem modernen H\u00f6rsaal nur Schritte entfernt des Z\u00fcrcher Hauptbahnhofes erwies sich als das ideale Umfeld f\u00fcr diese Veranstaltung! Ein Publikum, das auch einen &hellip; <a href=\"http:\/\/stanek.ch\/wordpress\/vortragehistory\/2013\/11\/25-november-in-zurich-filmabend-flugjahre-zum-mond\/\">Weiterlesen <span class=\"meta-nav\">&rarr;<\/span><\/a><\/p>\n","protected":false},"author":2,"featured_media":0,"comment_status":"closed","ping_status":"closed","sticky":false,"template":"","format":"standard","meta":{"footnotes":""},"categories":[3],"tags":[],"class_list":["post-2218","post","type-post","status-publish","format-standard","hentry","category-vortragehistory"],"_links":{"self":[{"href":"http:\/\/stanek.ch\/wordpress\/wp-json\/wp\/v2\/posts\/2218","targetHints":{"allow":["GET"]}}],"collection":[{"href":"http:\/\/stanek.ch\/wordpress\/wp-json\/wp\/v2\/posts"}],"about":[{"href":"http:\/\/stanek.ch\/wordpress\/wp-json\/wp\/v2\/types\/post"}],"author":[{"embeddable":true,"href":"http:\/\/stanek.ch\/wordpress\/wp-json\/wp\/v2\/users\/2"}],"replies":[{"embeddable":true,"href":"http:\/\/stanek.ch\/wordpress\/wp-json\/wp\/v2\/comments?post=2218"}],"version-history":[{"count":87,"href":"http:\/\/stanek.ch\/wordpress\/wp-json\/wp\/v2\/posts\/2218\/revisions"}],"predecessor-version":[{"id":6887,"href":"http:\/\/stanek.ch\/wordpress\/wp-json\/wp\/v2\/posts\/2218\/revisions\/6887"}],"wp:attachment":[{"href":"http:\/\/stanek.ch\/wordpress\/wp-json\/wp\/v2\/media?parent=2218"}],"wp:term":[{"taxonomy":"category","embeddable":true,"href":"http:\/\/stanek.ch\/wordpress\/wp-json\/wp\/v2\/categories?post=2218"},{"taxonomy":"post_tag","embeddable":true,"href":"http:\/\/stanek.ch\/wordpress\/wp-json\/wp\/v2\/tags?post=2218"}],"curies":[{"name":"wp","href":"https:\/\/api.w.org\/{rel}","templated":true}]}}