{"id":1970,"date":"2013-10-03T23:59:11","date_gmt":"2013-10-03T22:59:11","guid":{"rendered":"http:\/\/stanek.ch\/wordpress\/?p=1970"},"modified":"2013-11-28T22:08:50","modified_gmt":"2013-11-28T21:08:50","slug":"goldauer-herbstvortrag-am-22-november-2013","status":"publish","type":"post","link":"http:\/\/stanek.ch\/wordpress\/vortragehistory\/2013\/10\/goldauer-herbstvortrag-am-22-november-2013\/","title":{"rendered":"Goldauer Herbstvortrag am 22. November 2013"},"content":{"rendered":"<p>Voraus der R\u00fcckblick auf diesen sch\u00f6nen Abend: Der Anlass wird immer mehr zum \u00abgesamtschweizerischen Event\u00bb, seit ich f\u00fcr den harten Kern der Interessenten nur noch diesen eigenen Termin in Goldau anbiete. Dies mit der Folge, dass das Niveau der Zuh\u00f6rer ein einmaliges Niveau erreicht hat. Dies \u00e4usserte sich auch in anhaltend konzentrierter Aufmerksamkeit vom Vorprogramm mit Ursina Rohrer am PC (\u00dcbersicht der potenziellen &#8222;Weltuntergangs-Gefahren&#8220;, ein neues Vortragsthema im Schnellgang) \u00fcber den astronautischen Teil vor der Pause mit Simon Rohrer und seinen Teleskopen im hinteren Teil des Saales sowie Ausf\u00fchrungen zum Kometen ISON beim Jahreswechsel bis zum zweiten Teil mit dem Neuesten zur Planetenforschung um 22:35 Uhr. Der Aufmarsch war nicht kleiner als im letzten Jahr &#8211; trotz dem konkurrierenden Referat einer Bundesr\u00e4tin im Georgsheim und TV-Sendungen zum 50. Jahrestag der Ermordung von John F. Kennedy &#8211; sowie dem ersten Schnee&#8230; Auf vielerlei Wunsch von Besuchern, bei denen \u00abStaneks Herbstvortrag\u00bb zu einer geliebten Tradition geworden ist, wird der Anlass auch 2014 stattfinden, so lange Referent und Zuh\u00f6rer alle gesund bleiben.<\/p>\n<p>Ank\u00fcndigungs-Text: Dieses Jahr wurde er auf Freitag, den 22. November um 20 Uhr festgelegt, wie immer mit Saal\u00f6ffnung ab 19 Uhr im Pfarreizentrum in 6410 Goldau SZ. Der sch\u00f6ne Saal steht mir jetzt bereits seit 10 Jahren l\u00fcckenlos zur Verf\u00fcgung. Wie immer geht es um die laufenden Resultate in der unbemannten und bemannten Raumfahrt sowie die absehbare Zukunftsplanung. Wie immer wird versucht, auch regelm\u00e4ssigen Besuchern des Vortrages einen Jahres-Update zu vermitteln, weil die umfassende Behandlung selbst der aktuellsten Themen allein vom Illustrationsmaterial her an Grenzen st\u00f6sst. Inzwischen habe ich (nach der Sensibilisierung des Publikums seit dem Absturz des respektablen Meteoriten bei Tscheljabinsk im Februar&#8230;) das Thema realistischer \u00abWeltuntergangsszenarien\u00bb ausgearbeitet, und wie man solche Gefahren eliminieren k\u00f6nnte. Im Vorprogramm etwa ab 19:45 werde ich dazu eindr\u00fcckliches Bildmaterial f\u00fcr die Wartenden wenigstens zeigen, wenn auch mangels Zeit nicht kommentieren k\u00f6nnen. Wie immer sollen es aber gem\u00fctliche Sternstunden werden, mitsamt Getr\u00e4nkeservice, Zeit f\u00fcr Diskussionen und Signierungen.<br \/>\nOrt: Rigistrasse 10 in Goldau gleich oberhalb des im Umbau befindlichen Bahnhofes der Rigi-Bahn. Die Rigistrasse zweigt etwa eine Autominute unterhalb des Autobahnanschlusses zur Gotthardstrasse rechts ab. Parkm\u00f6glichkeiten auch links auf dem Platz vor der Kirche in Goldau. In wenigen Minuten auch vom SBB-Bahnhof Goldau aus beim S\u00fcdausgang der Unterf\u00fchrung zu Fuss erreichbar<\/p>\n<p><a href=\"http:\/\/stanek.ch\/wordpress\/wp-content\/uploads\/2013\/01\/PlakatGoldau2013Web.jpg\"><img loading=\"lazy\" decoding=\"async\" src=\"http:\/\/stanek.ch\/wordpress\/wp-content\/uploads\/2013\/01\/PlakatGoldau2013Web.jpg\" alt=\"\" title=\"PlakatGoldau2013Web\" width=\"626\" height=\"900\" class=\"alignnone size-full wp-image-1975\" srcset=\"http:\/\/stanek.ch\/wordpress\/wp-content\/uploads\/2013\/01\/PlakatGoldau2013Web.jpg 626w, http:\/\/stanek.ch\/wordpress\/wp-content\/uploads\/2013\/01\/PlakatGoldau2013Web-208x300.jpg 208w\" sizes=\"auto, (max-width: 626px) 100vw, 626px\" \/><\/a><\/p>\n<p><a href=\"http:\/\/stanek.ch\/wordpress\/wp-content\/uploads\/2013\/10\/RezensionRigiPost2013.jpg\"><img loading=\"lazy\" decoding=\"async\" src=\"http:\/\/stanek.ch\/wordpress\/wp-content\/uploads\/2013\/10\/RezensionRigiPost2013.jpg\" alt=\"\" title=\"RezensionRigiPost2013\" width=\"1024\" height=\"1620\" class=\"alignnone size-full wp-image-2866\" srcset=\"http:\/\/stanek.ch\/wordpress\/wp-content\/uploads\/2013\/10\/RezensionRigiPost2013.jpg 1024w, http:\/\/stanek.ch\/wordpress\/wp-content\/uploads\/2013\/10\/RezensionRigiPost2013-189x300.jpg 189w, http:\/\/stanek.ch\/wordpress\/wp-content\/uploads\/2013\/10\/RezensionRigiPost2013-647x1024.jpg 647w\" sizes=\"auto, (max-width: 1024px) 100vw, 1024px\" \/><\/a><\/p>\n","protected":false},"excerpt":{"rendered":"<p>Voraus der R\u00fcckblick auf diesen sch\u00f6nen Abend: Der Anlass wird immer mehr zum \u00abgesamtschweizerischen Event\u00bb, seit ich f\u00fcr den harten Kern der Interessenten nur noch diesen eigenen Termin in Goldau anbiete. Dies mit der Folge, dass das Niveau der Zuh\u00f6rer &hellip; <a href=\"http:\/\/stanek.ch\/wordpress\/vortragehistory\/2013\/10\/goldauer-herbstvortrag-am-22-november-2013\/\">Weiterlesen <span class=\"meta-nav\">&rarr;<\/span><\/a><\/p>\n","protected":false},"author":2,"featured_media":0,"comment_status":"open","ping_status":"closed","sticky":false,"template":"","format":"standard","meta":{"footnotes":""},"categories":[3],"tags":[],"class_list":["post-1970","post","type-post","status-publish","format-standard","hentry","category-vortragehistory"],"_links":{"self":[{"href":"http:\/\/stanek.ch\/wordpress\/wp-json\/wp\/v2\/posts\/1970","targetHints":{"allow":["GET"]}}],"collection":[{"href":"http:\/\/stanek.ch\/wordpress\/wp-json\/wp\/v2\/posts"}],"about":[{"href":"http:\/\/stanek.ch\/wordpress\/wp-json\/wp\/v2\/types\/post"}],"author":[{"embeddable":true,"href":"http:\/\/stanek.ch\/wordpress\/wp-json\/wp\/v2\/users\/2"}],"replies":[{"embeddable":true,"href":"http:\/\/stanek.ch\/wordpress\/wp-json\/wp\/v2\/comments?post=1970"}],"version-history":[{"count":32,"href":"http:\/\/stanek.ch\/wordpress\/wp-json\/wp\/v2\/posts\/1970\/revisions"}],"predecessor-version":[{"id":2867,"href":"http:\/\/stanek.ch\/wordpress\/wp-json\/wp\/v2\/posts\/1970\/revisions\/2867"}],"wp:attachment":[{"href":"http:\/\/stanek.ch\/wordpress\/wp-json\/wp\/v2\/media?parent=1970"}],"wp:term":[{"taxonomy":"category","embeddable":true,"href":"http:\/\/stanek.ch\/wordpress\/wp-json\/wp\/v2\/categories?post=1970"},{"taxonomy":"post_tag","embeddable":true,"href":"http:\/\/stanek.ch\/wordpress\/wp-json\/wp\/v2\/tags?post=1970"}],"curies":[{"name":"wp","href":"https:\/\/api.w.org\/{rel}","templated":true}]}}