{"id":1867,"date":"2013-09-13T20:45:42","date_gmt":"2013-09-13T19:45:42","guid":{"rendered":"http:\/\/stanek.ch\/wordpress\/?p=1867"},"modified":"2013-09-15T15:28:45","modified_gmt":"2013-09-15T14:28:45","slug":"vortrag-uber-weltraum-und-raumfahrt","status":"publish","type":"post","link":"http:\/\/stanek.ch\/wordpress\/vortragehistory\/2013\/09\/vortrag-uber-weltraum-und-raumfahrt\/","title":{"rendered":"Vortrag \u00fcber Weltraum und Raumfahrt in D\u00e4llikon ZH 13.9.2013"},"content":{"rendered":"<p>Freitag, 13. September 2013 20:15 beim Kulturkreis 8108 D\u00e4llikon.<br \/>\nOrt: Mehrzweckgeb\u00e4ude Leep\u00fcnt in 8108 D\u00e4llikon ZH. Dorfzentrum, Schulstrasse 5.<br \/>\nThema: Die aktuellsten Themen des Jahres 2013. Im Zentrum steht nat\u00fcrlich Mars, aber auch bei vielen anderen Planeten sind Forschungsmissionen im Gang. Faszinierend auch die erst richtig in Gang gekommenen privatwirtschaftlichen Entwicklungen im Raumtransportwesen und die Entdeckung von seltenen Flugm\u00f6glichkeiten in g\u00fcnstigen Marsjahren. Solche k\u00f6nnen einen eingeschr\u00e4nkten Marsrundflug zu Testzwecken mit entscheidend weniger Aufwand erm\u00f6glichen.<br \/>\nIm Saal ist an diesem Abend eine kleine, aber gediegene, Ausstellung aktueller und historischer Raumschiffmodelle aufgebaut. Der bekannte Modellbauer Rudolf Mohr aus Kollbrunn hat sich f\u00fcr diesen Anlass gewinnen lassen, was jeweils f\u00fcr die passende Ambiance bei Staneks Weltraumvortr\u00e4gen sorgt!<br \/>\nDer Anlass ist inzwischen Geschichte und wird vom Veranstalter, Zuh\u00f6rern und dem Referenten selber als grosser Erfolg gewertet &#8211; nicht selbstverst\u00e4ndlich in der heutigen Zeit!<br \/>\nRezension im \u00abZ\u00fcrcher Unterl\u00e4nder\u00bb:<br \/>\n<a href='http:\/\/stanek.ch\/wordpress\/wp-content\/uploads\/2013\/09\/Experte-im-Furttal.docx'>Experte im Furttal<\/a><br \/>\n<a href=\"http:\/\/stanek.ch\/wordpress\/wp-content\/uploads\/2013\/09\/VortragD\u00e4llikon.jpg\"><img loading=\"lazy\" decoding=\"async\" src=\"http:\/\/stanek.ch\/wordpress\/wp-content\/uploads\/2013\/09\/VortragD\u00e4llikon.jpg\" alt=\"\" title=\"VortragD\u00e4llikon\" width=\"678\" height=\"1286\" class=\"alignnone size-full wp-image-2556\" srcset=\"http:\/\/stanek.ch\/wordpress\/wp-content\/uploads\/2013\/09\/VortragD\u00e4llikon.jpg 678w, http:\/\/stanek.ch\/wordpress\/wp-content\/uploads\/2013\/09\/VortragD\u00e4llikon-158x300.jpg 158w\" sizes=\"auto, (max-width: 678px) 100vw, 678px\" \/><\/a><\/p>\n<p><a href=\"http:\/\/stanek.ch\/wordpress\/wp-content\/uploads\/2012\/11\/Stanek_D\u00e4llikon_klein.jpg\"><img loading=\"lazy\" decoding=\"async\" src=\"http:\/\/stanek.ch\/wordpress\/wp-content\/uploads\/2012\/11\/Stanek_D\u00e4llikon_klein.jpg\" alt=\"\" title=\"Stanek_D\u00e4llikon_klein\" width=\"594\" height=\"842\" class=\"alignnone size-full wp-image-2341\" srcset=\"http:\/\/stanek.ch\/wordpress\/wp-content\/uploads\/2012\/11\/Stanek_D\u00e4llikon_klein.jpg 594w, http:\/\/stanek.ch\/wordpress\/wp-content\/uploads\/2012\/11\/Stanek_D\u00e4llikon_klein-211x300.jpg 211w\" sizes=\"auto, (max-width: 594px) 100vw, 594px\" \/><\/a><\/p>\n","protected":false},"excerpt":{"rendered":"<p>Freitag, 13. September 2013 20:15 beim Kulturkreis 8108 D\u00e4llikon. Ort: Mehrzweckgeb\u00e4ude Leep\u00fcnt in 8108 D\u00e4llikon ZH. Dorfzentrum, Schulstrasse 5. Thema: Die aktuellsten Themen des Jahres 2013. Im Zentrum steht nat\u00fcrlich Mars, aber auch bei vielen anderen Planeten sind Forschungsmissionen im &hellip; <a href=\"http:\/\/stanek.ch\/wordpress\/vortragehistory\/2013\/09\/vortrag-uber-weltraum-und-raumfahrt\/\">Weiterlesen <span class=\"meta-nav\">&rarr;<\/span><\/a><\/p>\n","protected":false},"author":2,"featured_media":0,"comment_status":"closed","ping_status":"closed","sticky":false,"template":"","format":"standard","meta":{"footnotes":""},"categories":[3],"tags":[],"class_list":["post-1867","post","type-post","status-publish","format-standard","hentry","category-vortragehistory"],"_links":{"self":[{"href":"http:\/\/stanek.ch\/wordpress\/wp-json\/wp\/v2\/posts\/1867","targetHints":{"allow":["GET"]}}],"collection":[{"href":"http:\/\/stanek.ch\/wordpress\/wp-json\/wp\/v2\/posts"}],"about":[{"href":"http:\/\/stanek.ch\/wordpress\/wp-json\/wp\/v2\/types\/post"}],"author":[{"embeddable":true,"href":"http:\/\/stanek.ch\/wordpress\/wp-json\/wp\/v2\/users\/2"}],"replies":[{"embeddable":true,"href":"http:\/\/stanek.ch\/wordpress\/wp-json\/wp\/v2\/comments?post=1867"}],"version-history":[{"count":12,"href":"http:\/\/stanek.ch\/wordpress\/wp-json\/wp\/v2\/posts\/1867\/revisions"}],"predecessor-version":[{"id":2558,"href":"http:\/\/stanek.ch\/wordpress\/wp-json\/wp\/v2\/posts\/1867\/revisions\/2558"}],"wp:attachment":[{"href":"http:\/\/stanek.ch\/wordpress\/wp-json\/wp\/v2\/media?parent=1867"}],"wp:term":[{"taxonomy":"category","embeddable":true,"href":"http:\/\/stanek.ch\/wordpress\/wp-json\/wp\/v2\/categories?post=1867"},{"taxonomy":"post_tag","embeddable":true,"href":"http:\/\/stanek.ch\/wordpress\/wp-json\/wp\/v2\/tags?post=1867"}],"curies":[{"name":"wp","href":"https:\/\/api.w.org\/{rel}","templated":true}]}}