{"id":183,"date":"2011-03-15T04:37:46","date_gmt":"2011-03-15T03:37:46","guid":{"rendered":"http:\/\/stanek.ch\/wordpress\/?p=183"},"modified":"2012-02-25T22:13:09","modified_gmt":"2012-02-25T21:13:09","slug":"15-marz-2011-in-heerbrugg-filmvorfuhrung-flugjahre-zum-mond","status":"publish","type":"post","link":"http:\/\/stanek.ch\/wordpress\/vortragehistory\/2011\/03\/15-marz-2011-in-heerbrugg-filmvorfuhrung-flugjahre-zum-mond\/","title":{"rendered":"15. M\u00e4rz 2011 in Heerbrugg &#8211; Filmvorf\u00fchrung Flugjahre zum Mond"},"content":{"rendered":"<p>Dienstag, 15. M\u00e4rz 2011 in Heerbrugg, Kino Madlen<\/p>\n<p>Filmvorf\u00fchrung &#8222;Flugjahre zum Mond&#8220;. Einf\u00fchrung durch Bruno Stanek und Beantwortung von Publikumsfragen am Schluss. Ein zahlreiches und geduldiges Publikum wartete einige Minuten bis \u00fcber den geplanten Beginn um 19:30 hinaus, bis die T\u00fccken\u00a0 der Technik auch in diesem Kino \u00fcberwunden waren. Erstmals seit langem ist es wieder einmal gelungen, meinen Film in der h\u00f6chsten Aufl\u00f6sung zu zeigen, nat\u00fcrlich wieder von meinem eigenen PC aus&#8230; Den Technikern vor Ort sei Dank f\u00fcr die Flexibilit\u00e4t. Entsprechend deutlich war auch der Applaus nach den drei Filmteilen. W\u00e4hrend der Pause und am Schluss ergaben sich herzliche Publikumskontakte. Ein \u00fcber 80j\u00e4hriger Besucher erinnerte sich an den Besuch des Startes der Mondmission\u00a0 Apollo 17 im Dezember 1972. Er war einer von 320 Teilnehmern einer organisierten Reise, welche ich \u00fcber 8 volle Autobusse und zwei damals neue Jumbojets hinweg in Florida betreut hatte. Noch heute ist er so begeistert, als ob das historische Ereignis gleich gestern erst stattgefunden h\u00e4tte! Dank gescheiten Fragen aus dem Publikum reichte es auch noch f\u00fcr die Behandlung der Themen Weltraumtourismus (suborbitale Fl\u00fcge mit der Gesellschaft \u00abVirgin Galactic\u00bb) oder Zukunft der Raumfahrtprogramme unter der erratischen F\u00fchrung des derzeitigen US-Pr\u00e4sidentten Obama. Ein langer und wunderbarer Abend!<br \/>\nIn der Pause und am Schluss auch Signierung seiner Publikationen.<\/p>\n<p>www.kinomadlen.ch<\/p>\n<p><a href=\"http:\/\/stanek.ch\/wordpress\/wp-content\/uploads\/2011\/01\/Kinoplakat-Heerbrugg-2011-Web.jpg\"><img loading=\"lazy\" decoding=\"async\" class=\"alignnone size-medium wp-image-710\" title=\"Kinoplakat Heerbrugg 2011 Web\" src=\"http:\/\/stanek.ch\/wordpress\/wp-content\/uploads\/2011\/01\/Kinoplakat-Heerbrugg-2011-Web-208x300.jpg\" alt=\"\" width=\"208\" height=\"300\" srcset=\"http:\/\/stanek.ch\/wordpress\/wp-content\/uploads\/2011\/01\/Kinoplakat-Heerbrugg-2011-Web-208x300.jpg 208w, http:\/\/stanek.ch\/wordpress\/wp-content\/uploads\/2011\/01\/Kinoplakat-Heerbrugg-2011-Web.jpg 512w\" sizes=\"auto, (max-width: 208px) 100vw, 208px\" \/><\/a><\/p>\n<p>Werbung und begleitendes Interview in der Lokalpresse:<\/p>\n<p><a href=\"http:\/\/stanek.ch\/wordpress\/wp-content\/uploads\/2011\/01\/Doerfler-Kinoreklame-1.jpg\"><img loading=\"lazy\" decoding=\"async\" class=\"alignnone size-medium wp-image-749\" title=\"Doerfler Kinoreklame 1\" src=\"http:\/\/stanek.ch\/wordpress\/wp-content\/uploads\/2011\/01\/Doerfler-Kinoreklame-1-216x300.jpg\" alt=\"\" width=\"216\" height=\"300\" srcset=\"http:\/\/stanek.ch\/wordpress\/wp-content\/uploads\/2011\/01\/Doerfler-Kinoreklame-1-216x300.jpg 216w, http:\/\/stanek.ch\/wordpress\/wp-content\/uploads\/2011\/01\/Doerfler-Kinoreklame-1-738x1024.jpg 738w, http:\/\/stanek.ch\/wordpress\/wp-content\/uploads\/2011\/01\/Doerfler-Kinoreklame-1.jpg 865w\" sizes=\"auto, (max-width: 216px) 100vw, 216px\" \/><\/a><\/p>\n<p><a href=\"http:\/\/stanek.ch\/wordpress\/wp-content\/uploads\/2011\/01\/Doerfler-Kinoreklame-2..jpg\"><img loading=\"lazy\" decoding=\"async\" class=\"alignnone size-medium wp-image-750\" title=\"Doerfler Kinoreklame 2.\" src=\"http:\/\/stanek.ch\/wordpress\/wp-content\/uploads\/2011\/01\/Doerfler-Kinoreklame-2.-225x300.jpg\" alt=\"\" width=\"225\" height=\"300\" srcset=\"http:\/\/stanek.ch\/wordpress\/wp-content\/uploads\/2011\/01\/Doerfler-Kinoreklame-2.-225x300.jpg 225w, http:\/\/stanek.ch\/wordpress\/wp-content\/uploads\/2011\/01\/Doerfler-Kinoreklame-2.-770x1024.jpg 770w, http:\/\/stanek.ch\/wordpress\/wp-content\/uploads\/2011\/01\/Doerfler-Kinoreklame-2..jpg 900w\" sizes=\"auto, (max-width: 225px) 100vw, 225px\" \/><\/a><\/p>\n<p><a href=\"http:\/\/stanek.ch\/wordpress\/wp-content\/uploads\/2011\/01\/Doerfler-Kinoreklame-3..jpg\"><img loading=\"lazy\" decoding=\"async\" class=\"alignnone size-medium wp-image-751\" title=\"Doerfler Kinoreklame 3.\" src=\"http:\/\/stanek.ch\/wordpress\/wp-content\/uploads\/2011\/01\/Doerfler-Kinoreklame-3.-223x300.jpg\" alt=\"\" width=\"223\" height=\"300\" srcset=\"http:\/\/stanek.ch\/wordpress\/wp-content\/uploads\/2011\/01\/Doerfler-Kinoreklame-3.-223x300.jpg 223w, http:\/\/stanek.ch\/wordpress\/wp-content\/uploads\/2011\/01\/Doerfler-Kinoreklame-3.-764x1024.jpg 764w, http:\/\/stanek.ch\/wordpress\/wp-content\/uploads\/2011\/01\/Doerfler-Kinoreklame-3..jpg 895w\" sizes=\"auto, (max-width: 223px) 100vw, 223px\" \/><\/a><\/p>\n","protected":false},"excerpt":{"rendered":"<p>Dienstag, 15. M\u00e4rz 2011 in Heerbrugg, Kino Madlen Filmvorf\u00fchrung &#8222;Flugjahre zum Mond&#8220;. Einf\u00fchrung durch Bruno Stanek und Beantwortung von Publikumsfragen am Schluss. Ein zahlreiches und geduldiges Publikum wartete einige Minuten bis \u00fcber den geplanten Beginn um 19:30 hinaus, bis die &hellip; <a href=\"http:\/\/stanek.ch\/wordpress\/vortragehistory\/2011\/03\/15-marz-2011-in-heerbrugg-filmvorfuhrung-flugjahre-zum-mond\/\">Weiterlesen <span class=\"meta-nav\">&rarr;<\/span><\/a><\/p>\n","protected":false},"author":1,"featured_media":0,"comment_status":"open","ping_status":"open","sticky":false,"template":"","format":"standard","meta":{"footnotes":""},"categories":[3],"tags":[],"class_list":["post-183","post","type-post","status-publish","format-standard","hentry","category-vortragehistory"],"_links":{"self":[{"href":"http:\/\/stanek.ch\/wordpress\/wp-json\/wp\/v2\/posts\/183","targetHints":{"allow":["GET"]}}],"collection":[{"href":"http:\/\/stanek.ch\/wordpress\/wp-json\/wp\/v2\/posts"}],"about":[{"href":"http:\/\/stanek.ch\/wordpress\/wp-json\/wp\/v2\/types\/post"}],"author":[{"embeddable":true,"href":"http:\/\/stanek.ch\/wordpress\/wp-json\/wp\/v2\/users\/1"}],"replies":[{"embeddable":true,"href":"http:\/\/stanek.ch\/wordpress\/wp-json\/wp\/v2\/comments?post=183"}],"version-history":[{"count":16,"href":"http:\/\/stanek.ch\/wordpress\/wp-json\/wp\/v2\/posts\/183\/revisions"}],"predecessor-version":[{"id":291,"href":"http:\/\/stanek.ch\/wordpress\/wp-json\/wp\/v2\/posts\/183\/revisions\/291"}],"wp:attachment":[{"href":"http:\/\/stanek.ch\/wordpress\/wp-json\/wp\/v2\/media?parent=183"}],"wp:term":[{"taxonomy":"category","embeddable":true,"href":"http:\/\/stanek.ch\/wordpress\/wp-json\/wp\/v2\/categories?post=183"},{"taxonomy":"post_tag","embeddable":true,"href":"http:\/\/stanek.ch\/wordpress\/wp-json\/wp\/v2\/tags?post=183"}],"curies":[{"name":"wp","href":"https:\/\/api.w.org\/{rel}","templated":true}]}}