{"id":1787,"date":"2017-11-09T10:00:53","date_gmt":"2017-11-09T09:00:53","guid":{"rendered":"http:\/\/stanek.ch\/wordpress\/?p=1787"},"modified":"2024-09-29T11:56:26","modified_gmt":"2024-09-29T10:56:26","slug":"die-nachsten-vortrage-uber-planetenforschung-und-raumfahrt","status":"publish","type":"post","link":"http:\/\/stanek.ch\/wordpress\/vortrageupcoming\/2017\/11\/die-nachsten-vortrage-uber-planetenforschung-und-raumfahrt\/","title":{"rendered":"Die n\u00e4chsten Vortr\u00e4ge \u00fcber Planetenforschung und Raumfahrt"},"content":{"rendered":"<p><em>Dieser Link ist weitgehend obsolet; ich kann mit bald 80 nicht mehr ganz so aktiv sein wie seit Alter 25 fast ununterbrochen. Alle Kr\u00e4fte konzentriere ich heute auf<\/em><\/p>\n<p><a href=\"http:\/\/stanek.ch\/wordpress\/vortrageupcoming\/2023\/11\/goldauer-herbstvortrag-am-8-november-2024\/\"><strong>http:\/\/stanek.ch\/wordpress\/vortrageupcoming\/2023\/11\/goldauer-herbstvortrag-am-8-november-2024\/<\/strong><br \/>\n<\/a><br \/>\nUnd auch der Rest ist auch schon wieder obsolet&#8230; Sie k\u00f6nnen mit lesen schon wieder aufh\u00f6ren&#8230; <\/p>\n<p><strong><a href=\"http:\/\/stanek.ch\/wordpress\/vortrageupcoming\/2022\/07\/goldauer-weltraum-herbstvortrag-2022-am-4-november\/\">http:\/\/stanek.ch\/wordpress\/vortrageupcoming\/2022\/07\/goldauer-weltraum-herbstvortrag-2022-am-4-november\/<\/a><br \/>\n<\/strong><br \/>\n______________________________________________________________________<br \/>\nWeiter geht&#8217;s mit \u00f6ffentlichen Referaten auch im Jahr 2021. Die letzten Anl\u00e4sse bei privaten Vereinigungen, die nicht auf meiner Homepage beworben werden, sind auch schon Geschichte. Mindestens zwei \u00f6ffentliche sind auch 2021 wieder geplant. Im November 2021 findet z.B. der traditionelle <a href=\"http:\/\/stanek.ch\/wordpress\/vortrageupcoming\/2021\/08\/provisorische-vorankundigung-der-referate-uber-weltraumthemen-im-2021\/\">Goldauer Herbstvortrag <\/a> im 20. Jahr und im gleichen Format statt.  Weitere Termine werden im Verlaufe des Jahres festgelegt und hier angek\u00fcndet. <\/p>\n<p>Vom Thema her w\u00e4re es eigentlich angemessen, aber auch wegen erneut m\u00f6glichen Beschr\u00e4nkungen der Zuh\u00f6rerzahl durch die Obrigkeit wie schon 2020, den von mir organisierten Goldauer Hauptvortrag doppelt anzubieten. April w\u00e4re so ein Monat, wo dieser am gleichen Ort und in \u00e4hnlichem Format wie im November stattfinden k\u00f6nnte. Anfang 2021 w\u00fcrden die Daten der beiden Anl\u00e4sse auf meiner Homepage angek\u00fcndet, sobald eine Saalreservation m\u00f6glich war.<\/p>\n<p><em>Es gibt gelegentlich Freunde von weiter weg im Lande, die nach dem Vortragsabend nicht mehr heimfahren m\u00f6chten. Da gibt es eine romantische Jugendstilvilla gleich neben dem Vortragssaal, deren Besitzerin &#8222;Bed and Breakfast&#8220; anbietet! Beim Vortrag 2019 war sie wieder einmal &#8222;\u00fcber die Gasse&#8220; erschienen und informierte mich \u00fcber die ideale <a href=\"http:\/\/www.goergen.ch\/\">\u00dcbernachtungsm\u00f6glichkeit<\/a>, die ich nat\u00fcrlich gerne weiterempfehle. Auch wenn Sie sonst einmal etwas nur 5 Minuten zu Fuss vom Bahnknotenpunkt Arth-Goldau suchen!<\/em><\/p>\n","protected":false},"excerpt":{"rendered":"<p>Dieser Link ist weitgehend obsolet; ich kann mit bald 80 nicht mehr ganz so aktiv sein wie seit Alter 25 fast ununterbrochen. Alle Kr\u00e4fte konzentriere ich heute auf http:\/\/stanek.ch\/wordpress\/vortrageupcoming\/2023\/11\/goldauer-herbstvortrag-am-8-november-2024\/ Und auch der Rest ist auch schon wieder obsolet&#8230; Sie k\u00f6nnen &hellip; <a href=\"http:\/\/stanek.ch\/wordpress\/vortrageupcoming\/2017\/11\/die-nachsten-vortrage-uber-planetenforschung-und-raumfahrt\/\">Weiterlesen <span class=\"meta-nav\">&rarr;<\/span><\/a><\/p>\n","protected":false},"author":2,"featured_media":0,"comment_status":"closed","ping_status":"closed","sticky":false,"template":"","format":"standard","meta":{"footnotes":""},"categories":[4,5],"tags":[],"class_list":["post-1787","post","type-post","status-publish","format-standard","hentry","category-vortrageupcoming","category-raumfahrt"],"_links":{"self":[{"href":"http:\/\/stanek.ch\/wordpress\/wp-json\/wp\/v2\/posts\/1787","targetHints":{"allow":["GET"]}}],"collection":[{"href":"http:\/\/stanek.ch\/wordpress\/wp-json\/wp\/v2\/posts"}],"about":[{"href":"http:\/\/stanek.ch\/wordpress\/wp-json\/wp\/v2\/types\/post"}],"author":[{"embeddable":true,"href":"http:\/\/stanek.ch\/wordpress\/wp-json\/wp\/v2\/users\/2"}],"replies":[{"embeddable":true,"href":"http:\/\/stanek.ch\/wordpress\/wp-json\/wp\/v2\/comments?post=1787"}],"version-history":[{"count":69,"href":"http:\/\/stanek.ch\/wordpress\/wp-json\/wp\/v2\/posts\/1787\/revisions"}],"predecessor-version":[{"id":2775,"href":"http:\/\/stanek.ch\/wordpress\/wp-json\/wp\/v2\/posts\/1787\/revisions\/2775"}],"wp:attachment":[{"href":"http:\/\/stanek.ch\/wordpress\/wp-json\/wp\/v2\/media?parent=1787"}],"wp:term":[{"taxonomy":"category","embeddable":true,"href":"http:\/\/stanek.ch\/wordpress\/wp-json\/wp\/v2\/categories?post=1787"},{"taxonomy":"post_tag","embeddable":true,"href":"http:\/\/stanek.ch\/wordpress\/wp-json\/wp\/v2\/tags?post=1787"}],"curies":[{"name":"wp","href":"https:\/\/api.w.org\/{rel}","templated":true}]}}