{"id":17778,"date":"2025-04-28T13:42:14","date_gmt":"2025-04-28T12:42:14","guid":{"rendered":"http:\/\/stanek.ch\/wordpress\/?p=17778"},"modified":"2025-04-28T15:44:21","modified_gmt":"2025-04-28T14:44:21","slug":"antwort-auf-eine-aktuelle-leserzuschrift","status":"publish","type":"post","link":"http:\/\/stanek.ch\/wordpress\/weltgeschehen\/2025\/04\/antwort-auf-eine-aktuelle-leserzuschrift\/","title":{"rendered":"Antwort auf eine aktuelle Leserzuschrift"},"content":{"rendered":"<p>Esther, ich begreife Ihre Skepsis, aber ich musste auch erst weiterlesen: es sind keine Schallwellen, sondern elektromagnetische Wellen, also Radiowellen, Fernsehsignale, R\u00f6ntgenstrahlen, ja sogar Infrarot-W\u00e4rmestrahlung \u2013 je nach Wellenl\u00e4nge. Im Gegensatz zu Schallwellen brauchen sie kein Medium wie z.B. Luft, sondern pflanzen sich auch im Vakuum fort.<\/p>\n<p>Seit gut 100 Jahren gibt es sie, vom Menschen erzeugt, und sie haben sich also mit Lichtgeschwindigkeit in alle Richtungen im Weltraum ausgebreitet, ob wir das geplant haben oder nicht, also schon \u00fcber gut 100 Lichtjahre. \u00c4ngstliche sagen, so weit ins All hinaus h\u00e4tten wir uns schon \u00abverraten\u00bb. In diesem Bereich gibt es n\u00e4mlich bereits viele Sterne, um die auch Planeten kreisen mit angenehmer Temperatur, auf denen theoretisch auch Lebewesen wohnen k\u00f6nnen. Mit grosser Wahrscheinlichkeit besitzen sie aber keine Empfangsger\u00e4te, mit denen sie die \u00abSignale\u00bb entziffern k\u00f6nnten. Auch der Mensch hat daf\u00fcr seit seiner Entstehung als Einzeller Jahrmilliarden gebraucht.<\/p>\n<p>Umgekehrt haben Radioastronomen seit Jahrzehnten mit Radioteleskopen nach interessanten Signalen gesucht, die noch von viel weiter herkommen k\u00f6nnten, aber bis jetzt noch nichts Eindeutiges gefunden, das nicht von uns selber stammt. Ich pers\u00f6nlich halte es angesichts des riesigen Universums daher f\u00fcr m\u00f6glich, dass wir die Einzigen sind.<\/p>\n<p>Eine pers\u00f6nliche Bemerkung: Ich konnte mir, selbst 82j\u00e4hrig, nur deshalb die Zeit f\u00fcr eine Antwort nehmen, weil mir pl\u00f6tzlich die Idee kam, diesen Text auch auf meine Homepage zu setzen, damit dieser vielleicht auch noch anderen Leuten dient, und das hat mir ein Leben lang Spass gemacht. <\/p>\n","protected":false},"excerpt":{"rendered":"<p>Esther, ich begreife Ihre Skepsis, aber ich musste auch erst weiterlesen: es sind keine Schallwellen, sondern elektromagnetische Wellen, also Radiowellen, Fernsehsignale, R\u00f6ntgenstrahlen, ja sogar Infrarot-W\u00e4rmestrahlung \u2013 je nach Wellenl\u00e4nge. Im Gegensatz zu Schallwellen brauchen sie kein Medium wie z.B. Luft, &hellip; <a href=\"http:\/\/stanek.ch\/wordpress\/weltgeschehen\/2025\/04\/antwort-auf-eine-aktuelle-leserzuschrift\/\">Weiterlesen <span class=\"meta-nav\">&rarr;<\/span><\/a><\/p>\n","protected":false},"author":2,"featured_media":0,"comment_status":"closed","ping_status":"closed","sticky":false,"template":"","format":"standard","meta":{"footnotes":""},"categories":[7,1],"tags":[],"class_list":["post-17778","post","type-post","status-publish","format-standard","hentry","category-blog","category-weltgeschehen"],"_links":{"self":[{"href":"http:\/\/stanek.ch\/wordpress\/wp-json\/wp\/v2\/posts\/17778","targetHints":{"allow":["GET"]}}],"collection":[{"href":"http:\/\/stanek.ch\/wordpress\/wp-json\/wp\/v2\/posts"}],"about":[{"href":"http:\/\/stanek.ch\/wordpress\/wp-json\/wp\/v2\/types\/post"}],"author":[{"embeddable":true,"href":"http:\/\/stanek.ch\/wordpress\/wp-json\/wp\/v2\/users\/2"}],"replies":[{"embeddable":true,"href":"http:\/\/stanek.ch\/wordpress\/wp-json\/wp\/v2\/comments?post=17778"}],"version-history":[{"count":4,"href":"http:\/\/stanek.ch\/wordpress\/wp-json\/wp\/v2\/posts\/17778\/revisions"}],"predecessor-version":[{"id":17781,"href":"http:\/\/stanek.ch\/wordpress\/wp-json\/wp\/v2\/posts\/17778\/revisions\/17781"}],"wp:attachment":[{"href":"http:\/\/stanek.ch\/wordpress\/wp-json\/wp\/v2\/media?parent=17778"}],"wp:term":[{"taxonomy":"category","embeddable":true,"href":"http:\/\/stanek.ch\/wordpress\/wp-json\/wp\/v2\/categories?post=17778"},{"taxonomy":"post_tag","embeddable":true,"href":"http:\/\/stanek.ch\/wordpress\/wp-json\/wp\/v2\/tags?post=17778"}],"curies":[{"name":"wp","href":"https:\/\/api.w.org\/{rel}","templated":true}]}}