{"id":17304,"date":"2024-11-06T13:03:05","date_gmt":"2024-11-06T12:03:05","guid":{"rendered":"http:\/\/stanek.ch\/wordpress\/?p=17304"},"modified":"2025-02-18T18:07:02","modified_gmt":"2025-02-18T17:07:02","slug":"vortrag-vom-6-februar-2025-beim-verein-aktives-alter-adligenswil","status":"publish","type":"post","link":"http:\/\/stanek.ch\/wordpress\/vortragehistory\/2024\/11\/vortrag-vom-6-februar-2025-beim-verein-aktives-alter-adligenswil\/","title":{"rendered":"Vortrag vom 6. Februar 2025 beim Verein Aktives Alter Adligenswil"},"content":{"rendered":"<p>Nachmittagsvortrag als Senior unter Senioren ab 15:30. Ort: Zentrum Teufmatt Adligenswil LU.<br \/>\nThema: <strong>Renaissance der Raumfahrt dank SpaceX nach 50 Jahren.<\/strong><\/p>\n<p><a href='http:\/\/stanek.ch\/wordpress\/wp-content\/uploads\/2024\/12\/Vortrag-Bruno-Stanek_Einladung-mit-Anmeldung_2025.pdf'>Vortrag Bruno Stanek_Einladung mit Anmeldung_2025<\/a><\/p>\n<p><strong>R\u00fcckschau: <\/strong>Der Anlass ist Geschichte und hat den vielen etwa gleichaltrigen Zuh\u00f6rern gezeigt, dass der Stanek, wie in jungen Jahren, Klartext spricht und heute noch auch einmal deutlich wird. \u00dcber Jahrzehnte habe ich eben beobachtet, dass die G\u00e4ste meistens genau aus diesem Grund erschienen sind! Einige gar nicht zart besaitete, die mich kennen, haben sich am Schluss sogar daf\u00fcr bedankt, w\u00e4hrend ich mich beim Veranstalter Franz Mazenauer f\u00fcr die Organisation im vollen Saal bedanken m\u00f6chte. Es ist immer gut, wenn sich beide Seiten an einem solchen Anlass am\u00fcsieren k\u00f6nnen! Mir ist es sogar gelungen, die Sprechzeit von 90 Minuten einzuhalten, und trotzdem alles, was auf dem Bildschirm aus technischen Gr\u00fcnden unsichtbar bleiben musste, der Vollst\u00e4ndigkeit halber akustisch nachzureichen&#8230; <\/p>\n<p>Eigentlich sollte es der letzte Vortrag in meiner 55j\u00e4hrigen Karriere werden, aber zu meiner eigenen \u00dcberraschung weckte es Lust und Zuversicht zugleich, auch meinen seit 25 Jahren l\u00fcckenlos stattfindenden Goldauer Herbstvortrag nochmals zu riskieren. F\u00fcr einmal allerdings schon im Oktober statt im November. Der genaue Termin h\u00e4ngt von meiner k\u00f6rperlichen Verfassung und der Verf\u00fcgbarkeit des Eichmatt-Saales &#8211; nur wenige Geh-Minuten ob dem Bahnhof Arth-Goldau &#8211; ab. Es wird bis im Sommer auf dieser Vortragsseite angek\u00fcndigt sein. Bitte halten Sie derweil auch Ihrer Gesundheit Sorge! <\/p>\n<p><a href=\"http:\/\/stanek.ch\/wordpress\/wp-content\/uploads\/2024\/12\/Erster-bemannter-Marsflug-Musk-Trump-kl.1.jpg\"><img loading=\"lazy\" decoding=\"async\" src=\"http:\/\/stanek.ch\/wordpress\/wp-content\/uploads\/2024\/12\/Erster-bemannter-Marsflug-Musk-Trump-kl.1.jpg\" alt=\"\" title=\"Erster-bemannter-Marsflug-Musk-Trump kl.\" width=\"1280\" height=\"720\" class=\"alignnone size-full wp-image-17511\" srcset=\"http:\/\/stanek.ch\/wordpress\/wp-content\/uploads\/2024\/12\/Erster-bemannter-Marsflug-Musk-Trump-kl.1.jpg 1280w, http:\/\/stanek.ch\/wordpress\/wp-content\/uploads\/2024\/12\/Erster-bemannter-Marsflug-Musk-Trump-kl.1-300x168.jpg 300w, http:\/\/stanek.ch\/wordpress\/wp-content\/uploads\/2024\/12\/Erster-bemannter-Marsflug-Musk-Trump-kl.1-1024x576.jpg 1024w\" sizes=\"auto, (max-width: 1280px) 100vw, 1280px\" \/><\/a><\/p>\n<p><a href=\"http:\/\/stanek.ch\/wordpress\/wp-content\/uploads\/2024\/11\/Vortragssaal-Stanek-falsche-Aufloesung.jpg\"><img loading=\"lazy\" decoding=\"async\" src=\"http:\/\/stanek.ch\/wordpress\/wp-content\/uploads\/2024\/11\/Vortragssaal-Stanek-falsche-Aufloesung.jpg\" alt=\"\" title=\"Vortragssaal-Stanek-falsche-Aufloesung\" width=\"1280\" height=\"886\" class=\"alignnone size-full wp-image-17514\" srcset=\"http:\/\/stanek.ch\/wordpress\/wp-content\/uploads\/2024\/11\/Vortragssaal-Stanek-falsche-Aufloesung.jpg 1280w, http:\/\/stanek.ch\/wordpress\/wp-content\/uploads\/2024\/11\/Vortragssaal-Stanek-falsche-Aufloesung-300x207.jpg 300w, http:\/\/stanek.ch\/wordpress\/wp-content\/uploads\/2024\/11\/Vortragssaal-Stanek-falsche-Aufloesung-1024x708.jpg 1024w\" sizes=\"auto, (max-width: 1280px) 100vw, 1280px\" \/><\/a><\/p>\n<p><a href=\"http:\/\/stanek.ch\/wordpress\/wp-content\/uploads\/2024\/11\/Vortrag-Stanek-volle-Aufloesung-2.jpg\"><img loading=\"lazy\" decoding=\"async\" src=\"http:\/\/stanek.ch\/wordpress\/wp-content\/uploads\/2024\/11\/Vortrag-Stanek-volle-Aufloesung-2.jpg\" alt=\"\" title=\"Vortrag-Stanek-volle-Aufloesung-2\" width=\"1920\" height=\"1094\" class=\"alignnone size-full wp-image-17516\" srcset=\"http:\/\/stanek.ch\/wordpress\/wp-content\/uploads\/2024\/11\/Vortrag-Stanek-volle-Aufloesung-2.jpg 1920w, http:\/\/stanek.ch\/wordpress\/wp-content\/uploads\/2024\/11\/Vortrag-Stanek-volle-Aufloesung-2-300x170.jpg 300w, http:\/\/stanek.ch\/wordpress\/wp-content\/uploads\/2024\/11\/Vortrag-Stanek-volle-Aufloesung-2-1024x583.jpg 1024w\" sizes=\"auto, (max-width: 1920px) 100vw, 1920px\" \/><\/a><\/p>\n","protected":false},"excerpt":{"rendered":"<p>Nachmittagsvortrag als Senior unter Senioren ab 15:30. Ort: Zentrum Teufmatt Adligenswil LU. Thema: Renaissance der Raumfahrt dank SpaceX nach 50 Jahren. Vortrag Bruno Stanek_Einladung mit Anmeldung_2025 R\u00fcckschau: Der Anlass ist Geschichte und hat den vielen etwa gleichaltrigen Zuh\u00f6rern gezeigt, dass &hellip; <a href=\"http:\/\/stanek.ch\/wordpress\/vortragehistory\/2024\/11\/vortrag-vom-6-februar-2025-beim-verein-aktives-alter-adligenswil\/\">Weiterlesen <span class=\"meta-nav\">&rarr;<\/span><\/a><\/p>\n","protected":false},"author":2,"featured_media":0,"comment_status":"closed","ping_status":"closed","sticky":false,"template":"","format":"standard","meta":{"footnotes":""},"categories":[3,5],"tags":[],"class_list":["post-17304","post","type-post","status-publish","format-standard","hentry","category-vortragehistory","category-raumfahrt"],"_links":{"self":[{"href":"http:\/\/stanek.ch\/wordpress\/wp-json\/wp\/v2\/posts\/17304","targetHints":{"allow":["GET"]}}],"collection":[{"href":"http:\/\/stanek.ch\/wordpress\/wp-json\/wp\/v2\/posts"}],"about":[{"href":"http:\/\/stanek.ch\/wordpress\/wp-json\/wp\/v2\/types\/post"}],"author":[{"embeddable":true,"href":"http:\/\/stanek.ch\/wordpress\/wp-json\/wp\/v2\/users\/2"}],"replies":[{"embeddable":true,"href":"http:\/\/stanek.ch\/wordpress\/wp-json\/wp\/v2\/comments?post=17304"}],"version-history":[{"count":9,"href":"http:\/\/stanek.ch\/wordpress\/wp-json\/wp\/v2\/posts\/17304\/revisions"}],"predecessor-version":[{"id":17553,"href":"http:\/\/stanek.ch\/wordpress\/wp-json\/wp\/v2\/posts\/17304\/revisions\/17553"}],"wp:attachment":[{"href":"http:\/\/stanek.ch\/wordpress\/wp-json\/wp\/v2\/media?parent=17304"}],"wp:term":[{"taxonomy":"category","embeddable":true,"href":"http:\/\/stanek.ch\/wordpress\/wp-json\/wp\/v2\/categories?post=17304"},{"taxonomy":"post_tag","embeddable":true,"href":"http:\/\/stanek.ch\/wordpress\/wp-json\/wp\/v2\/tags?post=17304"}],"curies":[{"name":"wp","href":"https:\/\/api.w.org\/{rel}","templated":true}]}}