{"id":16336,"date":"2024-03-20T18:32:27","date_gmt":"2024-03-20T17:32:27","guid":{"rendered":"http:\/\/stanek.ch\/wordpress\/?p=16336"},"modified":"2024-03-22T17:22:47","modified_gmt":"2024-03-22T16:22:47","slug":"mineralienausstellung-in-rothenburg-lu-am-11-marz-2024","status":"publish","type":"post","link":"http:\/\/stanek.ch\/wordpress\/weltgeschehen\/2024\/03\/mineralienausstellung-in-rothenburg-lu-am-11-marz-2024\/","title":{"rendered":"Mineralienausstellung in Rothenburg LU am 11. M\u00e4rz 2024"},"content":{"rendered":"<p>Auch Stanek&#8217;s sind dem Reiz der Millionen Jahre alten Sch\u00e4tze unter den Schweizer Alpen erlegen! Die Ausstellung ist jedes Jahr einen Besuch wert. N\u00e4heres  \u00fcber diesen besonders \u00e4sthetischen Aspekt der Geologie findet sich in der <a href=\"https:\/\/www.svsmf.ch\/strahler\">Zeitschrift \u00abDer Strahler\u00bb<\/a>. <a href=\"http:\/\/stanek.ch\/wordpress\/wp-content\/uploads\/2024\/03\/Mineralienausstellung-Rothenburg-11.3.2024.jpg\"><br \/>\nIm Bild zusammen mit Ausstellern \/ Strahlern<\/a> sowie <a href=\"http:\/\/stanek.ch\/wordpress\/wp-content\/uploads\/2024\/03\/Links-unser-alter-Bekannter-Heinz-Sch\u00fcrmann.jpg\">weiteren Personen.<\/a><\/p>\n","protected":false},"excerpt":{"rendered":"<p>Auch Stanek&#8217;s sind dem Reiz der Millionen Jahre alten Sch\u00e4tze unter den Schweizer Alpen erlegen! Die Ausstellung ist jedes Jahr einen Besuch wert. N\u00e4heres \u00fcber diesen besonders \u00e4sthetischen Aspekt der Geologie findet sich in der Zeitschrift \u00abDer Strahler\u00bb. Im Bild &hellip; <a href=\"http:\/\/stanek.ch\/wordpress\/weltgeschehen\/2024\/03\/mineralienausstellung-in-rothenburg-lu-am-11-marz-2024\/\">Weiterlesen <span class=\"meta-nav\">&rarr;<\/span><\/a><\/p>\n","protected":false},"author":2,"featured_media":0,"comment_status":"closed","ping_status":"closed","sticky":false,"template":"","format":"standard","meta":{"footnotes":""},"categories":[1],"tags":[],"class_list":["post-16336","post","type-post","status-publish","format-standard","hentry","category-weltgeschehen"],"_links":{"self":[{"href":"http:\/\/stanek.ch\/wordpress\/wp-json\/wp\/v2\/posts\/16336","targetHints":{"allow":["GET"]}}],"collection":[{"href":"http:\/\/stanek.ch\/wordpress\/wp-json\/wp\/v2\/posts"}],"about":[{"href":"http:\/\/stanek.ch\/wordpress\/wp-json\/wp\/v2\/types\/post"}],"author":[{"embeddable":true,"href":"http:\/\/stanek.ch\/wordpress\/wp-json\/wp\/v2\/users\/2"}],"replies":[{"embeddable":true,"href":"http:\/\/stanek.ch\/wordpress\/wp-json\/wp\/v2\/comments?post=16336"}],"version-history":[{"count":5,"href":"http:\/\/stanek.ch\/wordpress\/wp-json\/wp\/v2\/posts\/16336\/revisions"}],"predecessor-version":[{"id":16339,"href":"http:\/\/stanek.ch\/wordpress\/wp-json\/wp\/v2\/posts\/16336\/revisions\/16339"}],"wp:attachment":[{"href":"http:\/\/stanek.ch\/wordpress\/wp-json\/wp\/v2\/media?parent=16336"}],"wp:term":[{"taxonomy":"category","embeddable":true,"href":"http:\/\/stanek.ch\/wordpress\/wp-json\/wp\/v2\/categories?post=16336"},{"taxonomy":"post_tag","embeddable":true,"href":"http:\/\/stanek.ch\/wordpress\/wp-json\/wp\/v2\/tags?post=16336"}],"curies":[{"name":"wp","href":"https:\/\/api.w.org\/{rel}","templated":true}]}}