{"id":15937,"date":"2024-08-12T07:37:40","date_gmt":"2024-08-12T06:37:40","guid":{"rendered":"http:\/\/stanek.ch\/wordpress\/?p=15937"},"modified":"2024-11-21T23:44:39","modified_gmt":"2024-11-21T22:44:39","slug":"goldauer-herbstvortrag-am-8-november-2024","status":"publish","type":"post","link":"http:\/\/stanek.ch\/wordpress\/vortragehistory\/2024\/08\/goldauer-herbstvortrag-am-8-november-2024\/","title":{"rendered":"Goldauer Herbstvortrag am 8. November 2024"},"content":{"rendered":"<p>Das Datum ist festgelegt, der Eichmatt-Saal ist reserviert, und meine derzeit stabile Gesundheit h\u00e4lt im 81. Lebensjahr vor allem geistig noch ganz gut an, und viele Zuh\u00f6rer haben sich schon wieder angemeldet. Dies, obwohl man sich gar nicht anmelden muss, weil der Saal manchmal sogar f\u00fcr die halbe Gemeinde reicht&#8230; Ich freue mich auf jeden Besucher, mit dem man sich \u00fcber die Erfolge von Elon Musk gemeinsam freuen kann. Ich kenne sowieso meistens jeden zweiten Gast pers\u00f6nlich und lerne gerne neue Interessenten am Thema kennen! Auf kurze Distanz kann ich sogar mit meinem Geh\u00f6r Fragen beantworten, so weit Zeit und Kraft reichen.<\/p>\n<p>An dieser Stelle erhalten Sie im Laufe des Jahres weitere Informationen, wor\u00fcber berichtet werden kann. Es geht ganz sicher um die weiteren Testfl\u00fcge des StarShip, denn die ersten vier haben 2023 und 2024 bereits gezeigt, dass die Riesenrakete die bei jedem Flug ergr\u00fcndeten Schwachpunkte ausmerzt und ein grosses St\u00fcck weiter und pr\u00e4ziser fliegt. So hatte Elon Musk auch die zehnmal kleinere Falcon-9-Rakete bis zu gr\u00f6sstm\u00f6glicher Zuverl\u00e4ssigkeit entwickelt.<\/p>\n<p><a href=\"https:\/\/x.com\/i\/status\/1812164041973895639\">Alle Beobachter sind nat\u00fcrlich gespannt, wie viele der rund 5000 Tonnen schweren StarShips SpaceX bis zum Vortrag am 8. November starten kann, <\/a>wie viele den Orbit erreichen und welche bereits Nutzlasten bis 100 oder gar 150 Tonnen lancieren konnten. Elon Musk will damit so schnell wie m\u00f6glich und rascher als mit der bisherigen, noch fast 10mal leichteren, Falcon-9-Rakete das Starlink-Satellitensystem ausbauen, mit dem man bereits jetzt testhalber direkt vom Handy aus den n\u00e4chsten der bereits mehr als 7000 Starlink-Satelliten erreichen kann. Ein solcher verbindet sich bereits per Laser zum Satelliten \u00fcber dem Adressaten auf einem anderen Kontinent, der diesen wiederum kontaktiert! Damit werden alle St\u00f6rm\u00f6glichkeiten umgangen, und damit auch jede Zensur ausgeschaltet! StarLink wird monatlich leistungsf\u00e4higer und mit bereits Millionen von Abonnenten ein Milliardengesch\u00e4ft f\u00fcr SpaceX. Die neuesten Zahlen d\u00fcrften bis im Herbst bereits wieder bekannt sein und zeigen, wie weit Elon Musk seinem Ziel n\u00e4her gekommen ist, die in den kommenden Jahren geplanten Mond- und Marsfl\u00fcge rein privatwirtschaftlich finanzieren zu k\u00f6nnen.<\/p>\n<p><a href=\"https:\/\/x.com\/i\/status\/1812176936829145486\">Hier ein praktisches Beispiel, wie einfach es ist StarLink anzuschliessen, wenn man das Equipment via Amazon bekommen und die Schachtel ausgepackt hat.<\/a><\/p>\n<p>Im letzten Jahr fanden 2 Teststarts statt, deren zweiter bereits n\u00e4her an einen Erdorbit heranreichte, und 2024 hofft Elon Musk auf mindestens 5, fragte aber f\u00fcr bis zu 9, und dies in immer k\u00fcrzeren Abst\u00e4nden. Dies h\u00e4ngt ab von der Geschwindigkeit, mit der die Zuverl\u00e4ssigkeit der voll wiederverwendbaren StarShips gesteigert werden kann, aber auch, wie oft das Luftamt Startlizenzen erteilt. Bereits 2024 sollte ein interessantes Jahr werden, aber das nachweisbar korrupte Luftamt FFA versucht mit Unterst\u00fctzung der Regierung, um SpaceX mit allen Mitteln aufzuhalten, nur weil es dem neuen Leader so extrem gut l\u00e4uft. SpaceX ist nach anf\u00e4nglicher Skepsis der fr\u00fcheren Leader zur grossen Konkurrenz f\u00fcr die Verlierer geworden. 2024 wurde pl\u00f6tzlich nur wenige Tage vor dem 13. Oktober die Startlizenz f\u00fcr den 5. Flug erteilt, der zu einem vollen Erfolg wurde und eine grosses Thema im Vortrag ist.<\/p>\n<p>Ich bin nicht der Einzige, der diese Zukunft zumindest mit unbemannten Testfl\u00fcgen zum Mond und Mars noch erleben m\u00f6chte&#8230; Zu solchen ist Elon Musk n\u00e4mlich bald parat, sobald das StarShip die Erdumlaufbahn routinem\u00e4ssig erreicht und dort zumindest teilweise Nachtankung m\u00f6glich wird. Bereits 2025\/6 k\u00f6nnte das ohne Treibstoff rund 100 Tonnen schwere Starship theoretisch erstmals unbemannt auf dem Mond landen und beim n\u00e4chsten Starfenster auf Mars. <\/p>\n<p>Der Erststufen-Booster wiegt leer 200-250 Tonnen und alles zusammen betankt jetzt schon 5000 Tonnen. Langfristiges Ziel ist f\u00fcr Elon Musk der Mars, sofern er 2028 bereits &#8222;darf&#8220;. Im Vortrag kann ich vielleicht schon deutlicher werden. Ich besorge mir fast t\u00e4glich das neueste Bildmaterial, mit dem sich die komplexe Materie didaktisch optimal darstellen l\u00e4sst.<\/p>\n<p>Hier der traditionelle Poster:<\/p>\n<p><a href=\"http:\/\/stanek.ch\/wordpress\/wp-content\/uploads\/2023\/11\/Plakat-Entwicklung-2024.jpg\"><img loading=\"lazy\" decoding=\"async\" class=\"alignnone size-full wp-image-15940\" title=\"Plakat-Entwicklung-2024\" src=\"http:\/\/stanek.ch\/wordpress\/wp-content\/uploads\/2023\/11\/Plakat-Entwicklung-2024.jpg\" alt=\"\" width=\"752\" height=\"1080\" srcset=\"http:\/\/stanek.ch\/wordpress\/wp-content\/uploads\/2023\/11\/Plakat-Entwicklung-2024.jpg 752w, http:\/\/stanek.ch\/wordpress\/wp-content\/uploads\/2023\/11\/Plakat-Entwicklung-2024-208x300.jpg 208w, http:\/\/stanek.ch\/wordpress\/wp-content\/uploads\/2023\/11\/Plakat-Entwicklung-2024-713x1024.jpg 713w\" sizes=\"auto, (max-width: 752px) 100vw, 752px\" \/><\/a><\/p>\n<p>Der bekannte Modellbauer Rudolf Mohr aus Kollbrunn zeigt in Goldau auch 2024 wieder seine aktuellsten Modelle und tr\u00e4gt, wie jedes Mal, zur Ambiance im Saal bei! <\/p>\n<p>Der bew\u00e4hrte Ort im ungef\u00e4hren Zentrum der Schweiz und die Zeit bleiben wie bei den Referaten der letzten Jahre gleich.<br \/>\nZeit: Freitag, den 8. November 2024 um 20 Uhr, wie immer mit Saal\u00f6ffnung ab 19 Uhr.<br \/>\nOrt: Pfarreizentrum Eichmatt in 6410 Goldau SZ, Rigistrasse ob dem Rigibahnhof. Parkplatz gleich davor oder gegen\u00fcber der Gotthardstrasse auf dem Parkplatz der Kirche. Wenige Minuten zu Fuss ob dem SBB-Bahnhof Arth-Goldau.<br \/>\nMit 20-30 Minuten Pause ca. 21 Uhr f\u00fcr (Kr\u00e4fte schonende \ud83d\ude42 ) Kontakte und Getr\u00e4nkeservice mit ein paar offerierten S\u00fcssigkeiten.<br \/>\nKeine Anmeldung n\u00f6tig, Saal gross genug, Abendkasse.<\/p>\n<p><strong>R\u00fcckblick zum Herbstvortrag:<br \/>\n<\/strong><br \/>\nAuch dieses Jahr ein grosser Aufmarsch von vielen Freunden und Freundinnen aus nah und fern, darunter seltenerweise einmal beide S\u00f6hne und erstmals die Enkelinnen, die nun den &#8222;Goldauer Herbstvotrag&#8220; des Grossvaters noch l\u00e4nger in Erinnerung behalten k\u00f6nnen! Die Stimmung unter den Raumfahrtinteressierten war diesmal besonders gut, weil der US-Pr\u00e4sidentenwechsel erwarten l\u00e4sst, dass das \u00e4usserst erfolgreiche, privatwirtschaftlich finanzierte Raumfahrtprogramm der Firma SpaceX f\u00fcr einige Jahre ungehindert weitergehen kann. Es war jetzt durch Neider in staatlichen Beh\u00f6rden vier Jahre lang in einem f\u00fcr die moderne Zeit unvorstellbaren Ausmass den Interessen des Landes zuwiderlaufend behindert worden. Bereits steht fest, dass die Vorbereitung von neuen Fl\u00fcgen &#8211; wie in den Pionierjahren &#8211; jetzt z\u00fcgig voangehen kann.<\/p>\n<p>Viele Besucher \u00e4usserten die Frage, ob nun die 25j\u00e4hrige Tradition der Herbstvortr\u00e4ge in der Region mit unz\u00e4hligen treuen Besuchern weitergehen kann. Ich feiere am Tag nach dem Vortrag meinem 81. Geburtstag und sehe die Kraft von Jahr zu Jahr etwas schwinden, was den Zuh\u00f6rern zum Gl\u00fcck noch nicht aufgefallen ist. Vielleicht findet sich eine Idee, wie man im Internet die Substanz des j\u00e4hrlichen &#8222;Update&#8220; weiterverbreiten kann, ohne sich mit einem de facto mehrst\u00fcndigen Event zu \u00fcbertun. Auch der am Abend viel zu wenig gew\u00fcrdigte Aussteller der Raumfahrtmodelle, Rudolf Mohr, wird sich vielleicht die Frage stellen, ob ihm das 2025 nochmals gelingt. <\/p>\n<p>Dem Wunsch vieler j\u00e4hrlicher Besucher w\u00fcrde es durchaus entsprechen, die Ambiance des Anlasses in eine Zeit mit leider immer aufwendigerer Technik zu retten und bei einem Treffen die technischen Fortschritte in der Raumfahrt zu feiern und sich gegenseitig auszutauschen. Kommt Zeit, kommt Rat und vielleicht auch eine neue Idee! Hier wird von k\u00fcnftigen Pl\u00e4nen zu allererst zu lesen sein.<\/p>\n<p><a href=\"http:\/\/stanek.ch\/wordpress\/wp-content\/uploads\/2024\/08\/image0-1600.jpg\"><img loading=\"lazy\" decoding=\"async\" src=\"http:\/\/stanek.ch\/wordpress\/wp-content\/uploads\/2024\/08\/image0-1600.jpg\" alt=\"\" title=\"image0-1600\" width=\"1600\" height=\"1200\" class=\"alignnone size-full wp-image-17207\" srcset=\"http:\/\/stanek.ch\/wordpress\/wp-content\/uploads\/2024\/08\/image0-1600.jpg 1600w, http:\/\/stanek.ch\/wordpress\/wp-content\/uploads\/2024\/08\/image0-1600-300x225.jpg 300w, http:\/\/stanek.ch\/wordpress\/wp-content\/uploads\/2024\/08\/image0-1600-1024x768.jpg 1024w\" sizes=\"auto, (max-width: 1600px) 100vw, 1600px\" \/><\/a><\/p>\n<p><a href=\"http:\/\/stanek.ch\/wordpress\/wp-content\/uploads\/2024\/08\/IMG_4105.jpg\"><img loading=\"lazy\" decoding=\"async\" src=\"http:\/\/stanek.ch\/wordpress\/wp-content\/uploads\/2024\/08\/IMG_4105.jpg\" alt=\"\" title=\"IMG_4105\" width=\"640\" height=\"480\" class=\"alignnone size-full wp-image-17206\" srcset=\"http:\/\/stanek.ch\/wordpress\/wp-content\/uploads\/2024\/08\/IMG_4105.jpg 640w, http:\/\/stanek.ch\/wordpress\/wp-content\/uploads\/2024\/08\/IMG_4105-300x225.jpg 300w\" sizes=\"auto, (max-width: 640px) 100vw, 640px\" \/><\/a><\/p>\n<p><a href=\"http:\/\/stanek.ch\/wordpress\/wp-content\/uploads\/2024\/08\/IMG_4080.jpg\"><img loading=\"lazy\" decoding=\"async\" src=\"http:\/\/stanek.ch\/wordpress\/wp-content\/uploads\/2024\/08\/IMG_4080.jpg\" alt=\"\" title=\"IMG_4080\" width=\"640\" height=\"316\" class=\"alignnone size-full wp-image-17205\" srcset=\"http:\/\/stanek.ch\/wordpress\/wp-content\/uploads\/2024\/08\/IMG_4080.jpg 640w, http:\/\/stanek.ch\/wordpress\/wp-content\/uploads\/2024\/08\/IMG_4080-300x148.jpg 300w\" sizes=\"auto, (max-width: 640px) 100vw, 640px\" \/><\/a><a href=\"http:\/\/stanek.ch\/wordpress\/wp-content\/uploads\/2024\/11\/20241108_200032VS.jpg\"><img loading=\"lazy\" decoding=\"async\" src=\"http:\/\/stanek.ch\/wordpress\/wp-content\/uploads\/2024\/11\/20241108_200032VS.jpg\" alt=\"\" title=\"20241108_200032VS\" width=\"1600\" height=\"739\" class=\"alignnone size-full wp-image-17216\" srcset=\"http:\/\/stanek.ch\/wordpress\/wp-content\/uploads\/2024\/11\/20241108_200032VS.jpg 1600w, http:\/\/stanek.ch\/wordpress\/wp-content\/uploads\/2024\/11\/20241108_200032VS-300x138.jpg 300w, http:\/\/stanek.ch\/wordpress\/wp-content\/uploads\/2024\/11\/20241108_200032VS-1024x472.jpg 1024w\" sizes=\"auto, (max-width: 1600px) 100vw, 1600px\" \/><\/a><\/p>\n<p><a href=\"http:\/\/stanek.ch\/wordpress\/wp-content\/uploads\/2024\/11\/20241108_223316VS.jpg\"><img loading=\"lazy\" decoding=\"async\" src=\"http:\/\/stanek.ch\/wordpress\/wp-content\/uploads\/2024\/11\/20241108_223316VS.jpg\" alt=\"\" title=\"20241108_223316VS\" width=\"1600\" height=\"739\" class=\"alignnone size-full wp-image-17218\" srcset=\"http:\/\/stanek.ch\/wordpress\/wp-content\/uploads\/2024\/11\/20241108_223316VS.jpg 1600w, http:\/\/stanek.ch\/wordpress\/wp-content\/uploads\/2024\/11\/20241108_223316VS-300x138.jpg 300w, http:\/\/stanek.ch\/wordpress\/wp-content\/uploads\/2024\/11\/20241108_223316VS-1024x472.jpg 1024w\" sizes=\"auto, (max-width: 1600px) 100vw, 1600px\" \/><\/a><\/p>\n<p><a href=\"http:\/\/stanek.ch\/wordpress\/wp-content\/uploads\/2024\/11\/20241108_212500VS.jpg\"><img loading=\"lazy\" decoding=\"async\" src=\"http:\/\/stanek.ch\/wordpress\/wp-content\/uploads\/2024\/11\/20241108_212500VS.jpg\" alt=\"\" title=\"20241108_212500VS\" width=\"4000\" height=\"1848\" class=\"alignnone size-full wp-image-17217\" srcset=\"http:\/\/stanek.ch\/wordpress\/wp-content\/uploads\/2024\/11\/20241108_212500VS.jpg 4000w, http:\/\/stanek.ch\/wordpress\/wp-content\/uploads\/2024\/11\/20241108_212500VS-300x138.jpg 300w, http:\/\/stanek.ch\/wordpress\/wp-content\/uploads\/2024\/11\/20241108_212500VS-1024x473.jpg 1024w\" sizes=\"auto, (max-width: 4000px) 100vw, 4000px\" \/><\/a><\/p>\n<div id=\"attachment_17261\" style=\"width: 746px\" class=\"wp-caption alignnone\"><a href=\"http:\/\/stanek.ch\/wordpress\/wp-content\/uploads\/2024\/08\/Herbstvortrag-2014jpg.jpg\"><img loading=\"lazy\" decoding=\"async\" aria-describedby=\"caption-attachment-17261\" src=\"http:\/\/stanek.ch\/wordpress\/wp-content\/uploads\/2024\/08\/Herbstvortrag-2014jpg.jpg\" alt=\"\" title=\"Herbstvortrag-2014jpg\" width=\"736\" height=\"1200\" class=\"size-full wp-image-17261\" srcset=\"http:\/\/stanek.ch\/wordpress\/wp-content\/uploads\/2024\/08\/Herbstvortrag-2014jpg.jpg 736w, http:\/\/stanek.ch\/wordpress\/wp-content\/uploads\/2024\/08\/Herbstvortrag-2014jpg-184x300.jpg 184w, http:\/\/stanek.ch\/wordpress\/wp-content\/uploads\/2024\/08\/Herbstvortrag-2014jpg-628x1024.jpg 628w\" sizes=\"auto, (max-width: 736px) 100vw, 736px\" \/><\/a><p id=\"caption-attachment-17261\" class=\"wp-caption-text\">RigiPost Rezension<\/p><\/div>\n<div id=\"attachment_17264\" style=\"width: 700px\" class=\"wp-caption alignnone\"><a href=\"http:\/\/stanek.ch\/wordpress\/wp-content\/uploads\/2024\/08\/Quartierzeitung-Lehenmatt-Basel.jpg\"><img loading=\"lazy\" decoding=\"async\" aria-describedby=\"caption-attachment-17264\" src=\"http:\/\/stanek.ch\/wordpress\/wp-content\/uploads\/2024\/08\/Quartierzeitung-Lehenmatt-Basel.jpg\" alt=\"\" title=\"Quartierzeitung-Lehenmatt-Basel\" width=\"690\" height=\"605\" class=\"size-full wp-image-17264\" srcset=\"http:\/\/stanek.ch\/wordpress\/wp-content\/uploads\/2024\/08\/Quartierzeitung-Lehenmatt-Basel.jpg 690w, http:\/\/stanek.ch\/wordpress\/wp-content\/uploads\/2024\/08\/Quartierzeitung-Lehenmatt-Basel-300x263.jpg 300w\" sizes=\"auto, (max-width: 690px) 100vw, 690px\" \/><\/a><p id=\"caption-attachment-17264\" class=\"wp-caption-text\">Quartierzeitung Lehenmatt Basel<\/p><\/div>\n","protected":false},"excerpt":{"rendered":"<p>Das Datum ist festgelegt, der Eichmatt-Saal ist reserviert, und meine derzeit stabile Gesundheit h\u00e4lt im 81. Lebensjahr vor allem geistig noch ganz gut an, und viele Zuh\u00f6rer haben sich schon wieder angemeldet. Dies, obwohl man sich gar nicht anmelden muss, &hellip; <a href=\"http:\/\/stanek.ch\/wordpress\/vortragehistory\/2024\/08\/goldauer-herbstvortrag-am-8-november-2024\/\">Weiterlesen <span class=\"meta-nav\">&rarr;<\/span><\/a><\/p>\n","protected":false},"author":2,"featured_media":0,"comment_status":"closed","ping_status":"closed","sticky":false,"template":"","format":"standard","meta":{"footnotes":""},"categories":[3,5],"tags":[],"class_list":["post-15937","post","type-post","status-publish","format-standard","hentry","category-vortragehistory","category-raumfahrt"],"_links":{"self":[{"href":"http:\/\/stanek.ch\/wordpress\/wp-json\/wp\/v2\/posts\/15937","targetHints":{"allow":["GET"]}}],"collection":[{"href":"http:\/\/stanek.ch\/wordpress\/wp-json\/wp\/v2\/posts"}],"about":[{"href":"http:\/\/stanek.ch\/wordpress\/wp-json\/wp\/v2\/types\/post"}],"author":[{"embeddable":true,"href":"http:\/\/stanek.ch\/wordpress\/wp-json\/wp\/v2\/users\/2"}],"replies":[{"embeddable":true,"href":"http:\/\/stanek.ch\/wordpress\/wp-json\/wp\/v2\/comments?post=15937"}],"version-history":[{"count":50,"href":"http:\/\/stanek.ch\/wordpress\/wp-json\/wp\/v2\/posts\/15937\/revisions"}],"predecessor-version":[{"id":17266,"href":"http:\/\/stanek.ch\/wordpress\/wp-json\/wp\/v2\/posts\/15937\/revisions\/17266"}],"wp:attachment":[{"href":"http:\/\/stanek.ch\/wordpress\/wp-json\/wp\/v2\/media?parent=15937"}],"wp:term":[{"taxonomy":"category","embeddable":true,"href":"http:\/\/stanek.ch\/wordpress\/wp-json\/wp\/v2\/categories?post=15937"},{"taxonomy":"post_tag","embeddable":true,"href":"http:\/\/stanek.ch\/wordpress\/wp-json\/wp\/v2\/tags?post=15937"}],"curies":[{"name":"wp","href":"https:\/\/api.w.org\/{rel}","templated":true}]}}