{"id":15502,"date":"2023-09-12T15:20:28","date_gmt":"2023-09-12T14:20:28","guid":{"rendered":"http:\/\/stanek.ch\/wordpress\/?p=15502"},"modified":"2023-12-10T21:18:06","modified_gmt":"2023-12-10T20:18:06","slug":"vortrag-am-21-november-2023-ab-19-uhr-schaffhausen","status":"publish","type":"post","link":"http:\/\/stanek.ch\/wordpress\/vortragehistory\/2023\/09\/vortrag-am-21-november-2023-ab-19-uhr-schaffhausen\/","title":{"rendered":"Vortrag am Dienstag, 21. November 2023 ab 19 Uhr in Schaffhausen"},"content":{"rendered":"<p>Thema: die Renaissance der Raumfahrt dank Elon Musk und seiner Erfolgsfirma SpaceX.<br \/>\nVeranstalter: Sternwarte Schaffhausen &#8212; Ort der Veranstaltung: <strong><a href=\"https:\/\/www.pavillonimpark.ch\/\">Pavillon im Park<\/a><\/strong><br \/>\nDer Referent bedankt sich f\u00fcr die ehrenvolle Plattform einen Tag nach seinem 80. Geburtstag&#8230; &#8212; Die definitive Werbung beginnt im September in Schaffhausen.<\/p>\n<p><a href='http:\/\/stanek.ch\/wordpress\/wp-content\/uploads\/2023\/09\/2023_24_SHnat-Broschu\u0308re-A4_DRUCK_10-11.pdf'>2023_24_SHnat-Broschu\u0308re A4_DRUCK_10-11<\/a><\/p>\n<p><strong>R\u00fcckblick<\/strong> auf den erfolgreichen Vortrag, der mir in bester Erinnerung bleiben wird:<\/p>\n<p>Die erste Veranstalterin wollte die Dauer des Referates zwar auf 60 Minuten begrenzen, &#8222;weil die Zuh\u00f6rer sonst \u00fcberm\u00fcdet w\u00fcrden&#8220; &#8211; o.\u00e4.<br \/>\nBis zum Referat wurde diese Zeitvorgabe dann auf 90 Minuten erh\u00f6ht und schlussendlich wurden es 145 Minuten (Messung eines Zuh\u00f6rers) ohne Pause! Ohne, dass ich einen einzigen Zuh\u00f6rer hinausmarschieren sah, ohne zumindest von der Toilette zur\u00fcckzukehren und m\u00e4uschenstill wie die anderen Vortragsbesucher weiter zuzuh\u00f6ren. Es war n\u00e4mlich der erste Vortrag, bei dem ich in Bild und Kommentar vom zu mindestens 80% gelungenen 2. Testflug von SpaceX-StarShip berichten konnte. Wer weiss, wie grosse Schritte Elon Musk bei der Entwicklung von Technik macht, von der andere nur tr\u00e4umen k\u00f6nnen, der wundert sich eher, dass der anspruchsvolle Test \u00fcberhaupt ziemlich genau (eben zu 80%) den Hoffnungen von Musk entsprechend verlief! F\u00fcr die Massenmedien dieses Planeten, die traditionell selten etwas von Raumfahrt verstehen, insbesondere auch in der Schweiz, war es n\u00e4mlich ein bis zu 100%iger Misserfolg!!! Die Weltpresse folgt bekanntlich den Vorgaben der globalistischen Milliard\u00e4re, die als Verlierer beim Rennen gegen Elon Musk im Raumfahrgesch\u00e4ft eben eher noch mehr als eine Milliarde Dollar, Euro der Franken pro Woche verlieren! Sie k\u00f6nnen w\u00e4hlen.<\/p>\n<p>Ich hatte also viel klarzustellen, aber das bin ich seit 50 Jahren gewohnt von der Berichterstattung als junger Moderator f\u00fcr die NASA-Mondlandungen im Schweizer Fernsehen. Schon damals musste ich ein volles Dutzend Jahre (1957-1969) medial betonierte Vorurteile abbauen, dass die Russen im Weltraum f\u00fchrend seien! Nur eines getraute ich mich damals als 24-29 J\u00e4hriger noch nicht zu sagen, dass die Russen nicht nur &#8222;eine Woche&#8220; (wie es gelegentlich hiess) brauchen w\u00fcrden, um die USA einzuholen, sondern es noch 50 Jahre lang nicht k\u00f6nnten. Der Zeitgeist h\u00e4tte mich damals gelyncht, wenn ich es prognostiziert und damit recht bekommen h\u00e4tte.<\/p>\n<p>Die Zuh\u00f6rer in Casino muss ich hier im R\u00fcckblick nicht \u00fcberzeugen. Sie haben es live mitbekommen, dass sich etwas \u00c4hnliches in diesen Tagen abspielt mit der L\u00fcgenberichterstattung, dass Elon Musk mit seiner Space ein Verlierer sei (oder etwa Tesla???), und er die staatliche NASA dank deren Ineffizienz kostenm\u00e4ssig bereits um einen Faktor 10 bis 100 \u00fcberholt hat (bitte einmal leer schlucken!) und deren Raketen-Hoflieferanten &#8222;beerben&#8220; konnte. Wie kann man diese Blamage vor dem US-Steuerzahler und dem weltweiten Medienkonsumenten verbergen? Auch die Medien in der Schweiz versuchen es zumindest, und SRF hat gem\u00e4ss meinen mitverfolgenden Raumfahrt-Interessierten bis jetzt noch nicht einmal \u00fcber den 2. Teststart berichtet!<\/p>\n<p>Hier die Rezension vom Schaffhauser Vortrag in den Schaffhauser Nachrichten, habe sie zwecks guter Erinnerung aufgeschaltet.<\/p>\n<p><a href=\"http:\/\/stanek.ch\/wordpress\/wp-content\/uploads\/2023\/09\/Rezension-Schaffhausen.jpg\"><img loading=\"lazy\" decoding=\"async\" src=\"http:\/\/stanek.ch\/wordpress\/wp-content\/uploads\/2023\/09\/Rezension-Schaffhausen.jpg\" alt=\"\" title=\"Rezension-Schaffhausen\" width=\"871\" height=\"1200\" class=\"alignnone size-full wp-image-15924\" srcset=\"http:\/\/stanek.ch\/wordpress\/wp-content\/uploads\/2023\/09\/Rezension-Schaffhausen.jpg 871w, http:\/\/stanek.ch\/wordpress\/wp-content\/uploads\/2023\/09\/Rezension-Schaffhausen-217x300.jpg 217w, http:\/\/stanek.ch\/wordpress\/wp-content\/uploads\/2023\/09\/Rezension-Schaffhausen-743x1024.jpg 743w\" sizes=\"auto, (max-width: 871px) 100vw, 871px\" \/><\/a><\/p>\n<p><a href=\"http:\/\/stanek.ch\/wordpress\/wp-content\/uploads\/2023\/09\/Begr\u00fcssung-durch-Bruno-Stanek.jpg\"><img loading=\"lazy\" decoding=\"async\" src=\"http:\/\/stanek.ch\/wordpress\/wp-content\/uploads\/2023\/09\/Begr\u00fcssung-durch-Bruno-Stanek.jpg\" alt=\"\" title=\"Begr\u00fcssung durch Bruno Stanek\" width=\"1200\" height=\"725\" class=\"alignnone size-full wp-image-15985\" srcset=\"http:\/\/stanek.ch\/wordpress\/wp-content\/uploads\/2023\/09\/Begr\u00fcssung-durch-Bruno-Stanek.jpg 1200w, http:\/\/stanek.ch\/wordpress\/wp-content\/uploads\/2023\/09\/Begr\u00fcssung-durch-Bruno-Stanek-300x181.jpg 300w, http:\/\/stanek.ch\/wordpress\/wp-content\/uploads\/2023\/09\/Begr\u00fcssung-durch-Bruno-Stanek-1024x618.jpg 1024w\" sizes=\"auto, (max-width: 1200px) 100vw, 1200px\" \/><\/a><\/p>\n<p><a href=\"http:\/\/stanek.ch\/wordpress\/wp-content\/uploads\/2023\/09\/Publikumsfragen-an-Referenten.jpg\"><img loading=\"lazy\" decoding=\"async\" src=\"http:\/\/stanek.ch\/wordpress\/wp-content\/uploads\/2023\/09\/Publikumsfragen-an-Referenten.jpg\" alt=\"\" title=\"Publikumsfragen an Referenten\" width=\"900\" height=\"648\" class=\"alignnone size-full wp-image-15986\" srcset=\"http:\/\/stanek.ch\/wordpress\/wp-content\/uploads\/2023\/09\/Publikumsfragen-an-Referenten.jpg 900w, http:\/\/stanek.ch\/wordpress\/wp-content\/uploads\/2023\/09\/Publikumsfragen-an-Referenten-300x216.jpg 300w\" sizes=\"auto, (max-width: 900px) 100vw, 900px\" \/><\/a><\/p>\n<p><a href=\"http:\/\/stanek.ch\/wordpress\/wp-content\/uploads\/2023\/09\/Dekoration-mit-Raketenmodellen-von-Rudolf-Mohr.jpg\"><img loading=\"lazy\" decoding=\"async\" src=\"http:\/\/stanek.ch\/wordpress\/wp-content\/uploads\/2023\/09\/Dekoration-mit-Raketenmodellen-von-Rudolf-Mohr.jpg\" alt=\"\" title=\"Dekoration mit Raketenmodellen von Rudolf Mohr\" width=\"1200\" height=\"900\" class=\"alignnone size-full wp-image-15987\" srcset=\"http:\/\/stanek.ch\/wordpress\/wp-content\/uploads\/2023\/09\/Dekoration-mit-Raketenmodellen-von-Rudolf-Mohr.jpg 1200w, http:\/\/stanek.ch\/wordpress\/wp-content\/uploads\/2023\/09\/Dekoration-mit-Raketenmodellen-von-Rudolf-Mohr-300x225.jpg 300w, http:\/\/stanek.ch\/wordpress\/wp-content\/uploads\/2023\/09\/Dekoration-mit-Raketenmodellen-von-Rudolf-Mohr-1024x768.jpg 1024w\" sizes=\"auto, (max-width: 1200px) 100vw, 1200px\" \/><\/a><\/p>\n","protected":false},"excerpt":{"rendered":"<p>Thema: die Renaissance der Raumfahrt dank Elon Musk und seiner Erfolgsfirma SpaceX. Veranstalter: Sternwarte Schaffhausen &#8212; Ort der Veranstaltung: Pavillon im Park Der Referent bedankt sich f\u00fcr die ehrenvolle Plattform einen Tag nach seinem 80. Geburtstag&#8230; &#8212; Die definitive Werbung &hellip; <a href=\"http:\/\/stanek.ch\/wordpress\/vortragehistory\/2023\/09\/vortrag-am-21-november-2023-ab-19-uhr-schaffhausen\/\">Weiterlesen <span class=\"meta-nav\">&rarr;<\/span><\/a><\/p>\n","protected":false},"author":2,"featured_media":0,"comment_status":"open","ping_status":"open","sticky":false,"template":"","format":"standard","meta":{"footnotes":""},"categories":[3,5],"tags":[],"class_list":["post-15502","post","type-post","status-publish","format-standard","hentry","category-vortragehistory","category-raumfahrt"],"_links":{"self":[{"href":"http:\/\/stanek.ch\/wordpress\/wp-json\/wp\/v2\/posts\/15502","targetHints":{"allow":["GET"]}}],"collection":[{"href":"http:\/\/stanek.ch\/wordpress\/wp-json\/wp\/v2\/posts"}],"about":[{"href":"http:\/\/stanek.ch\/wordpress\/wp-json\/wp\/v2\/types\/post"}],"author":[{"embeddable":true,"href":"http:\/\/stanek.ch\/wordpress\/wp-json\/wp\/v2\/users\/2"}],"replies":[{"embeddable":true,"href":"http:\/\/stanek.ch\/wordpress\/wp-json\/wp\/v2\/comments?post=15502"}],"version-history":[{"count":27,"href":"http:\/\/stanek.ch\/wordpress\/wp-json\/wp\/v2\/posts\/15502\/revisions"}],"predecessor-version":[{"id":15505,"href":"http:\/\/stanek.ch\/wordpress\/wp-json\/wp\/v2\/posts\/15502\/revisions\/15505"}],"wp:attachment":[{"href":"http:\/\/stanek.ch\/wordpress\/wp-json\/wp\/v2\/media?parent=15502"}],"wp:term":[{"taxonomy":"category","embeddable":true,"href":"http:\/\/stanek.ch\/wordpress\/wp-json\/wp\/v2\/categories?post=15502"},{"taxonomy":"post_tag","embeddable":true,"href":"http:\/\/stanek.ch\/wordpress\/wp-json\/wp\/v2\/tags?post=15502"}],"curies":[{"name":"wp","href":"https:\/\/api.w.org\/{rel}","templated":true}]}}