{"id":14999,"date":"2023-03-13T17:27:48","date_gmt":"2023-03-13T16:27:48","guid":{"rendered":"http:\/\/stanek.ch\/wordpress\/?p=14999"},"modified":"2024-06-30T15:51:24","modified_gmt":"2024-06-30T14:51:24","slug":"freundin-aus-dem-jahr-1973-hat-sich-wieder-einmal-gemeldet","status":"publish","type":"post","link":"http:\/\/stanek.ch\/wordpress\/weltgeschehen\/2023\/03\/freundin-aus-dem-jahr-1973-hat-sich-wieder-einmal-gemeldet\/","title":{"rendered":"Freundin aus dem Jahr 1973 hat sich wieder einmal gemeldet!"},"content":{"rendered":"<p>Regina Pulver ist zeitweise im Berner Oberland und in Dortmund aufgewachsen und sprach deshalb astrein Berndeutsch und Hochdeutsch. Wir beide konnten die Leute jeweils herrlich verwirren, weil wir blitzschnell zwischen zwei &#8222;Dialekten&#8220; wechseln konnten, so dass Zuh\u00f6rer entweder fanden, die beiden geh\u00f6rten zusammen als der &#8222;deutsche&#8220; Weltraumkommentator vom Schweizer Fernsehen mit einer echten Deutschen &#8211; oder dann als zwei waschechte Schweizer. In all den Jahren hatte sie viele verschiedene T\u00e4tigkeiten, aber k\u00fcrzlich hat sie sich wieder einmal gemeldet mit der Bitte, einem M\u00e4rchen aus ihrer Feder via meine Webseite den Weg in alle Welt zu bereiten. Machte auch mir Spass, und damit meine Leser rascher klug werden \u00fcber das nach 50 Jahren wieder aufgetauchte M\u00e4dchen, habe ich den Anhang erg\u00e4nzt mit dem Text von einem ihrer M\u00e4rchen, einem Krimi und einem Foto aus unseren besten Tagen&#8230;<\/p>\n<p><a href=\"http:\/\/stanek.ch\/wordpress\/wp-content\/uploads\/2023\/03\/Die-Hasen-im-goldenen-M\u00e4ntelchen-1.jpg\"><img loading=\"lazy\" decoding=\"async\" src=\"http:\/\/stanek.ch\/wordpress\/wp-content\/uploads\/2023\/03\/Die-Hasen-im-goldenen-M\u00e4ntelchen-1.jpg\" alt=\"\" title=\"Die-Hasen-im-goldenen-M\u00e4ntelchen-1\" width=\"1654\" height=\"2338\" class=\"alignnone size-full wp-image-15000\" srcset=\"http:\/\/stanek.ch\/wordpress\/wp-content\/uploads\/2023\/03\/Die-Hasen-im-goldenen-M\u00e4ntelchen-1.jpg 1654w, http:\/\/stanek.ch\/wordpress\/wp-content\/uploads\/2023\/03\/Die-Hasen-im-goldenen-M\u00e4ntelchen-1-212x300.jpg 212w, http:\/\/stanek.ch\/wordpress\/wp-content\/uploads\/2023\/03\/Die-Hasen-im-goldenen-M\u00e4ntelchen-1-724x1024.jpg 724w\" sizes=\"auto, (max-width: 1654px) 100vw, 1654px\" \/><\/a><\/p>\n<p><a href=\"http:\/\/stanek.ch\/wordpress\/wp-content\/uploads\/2023\/03\/Die-Hasen-im-goldenen-M\u00e4ntelchen-2.jpg\"><img loading=\"lazy\" decoding=\"async\" src=\"http:\/\/stanek.ch\/wordpress\/wp-content\/uploads\/2023\/03\/Die-Hasen-im-goldenen-M\u00e4ntelchen-2.jpg\" alt=\"\" title=\"Die-Hasen-im-goldenen-M\u00e4ntelchen-2\" width=\"1654\" height=\"2338\" class=\"alignnone size-full wp-image-15001\" srcset=\"http:\/\/stanek.ch\/wordpress\/wp-content\/uploads\/2023\/03\/Die-Hasen-im-goldenen-M\u00e4ntelchen-2.jpg 1654w, http:\/\/stanek.ch\/wordpress\/wp-content\/uploads\/2023\/03\/Die-Hasen-im-goldenen-M\u00e4ntelchen-2-212x300.jpg 212w, http:\/\/stanek.ch\/wordpress\/wp-content\/uploads\/2023\/03\/Die-Hasen-im-goldenen-M\u00e4ntelchen-2-724x1024.jpg 724w\" sizes=\"auto, (max-width: 1654px) 100vw, 1654px\" \/><\/a><\/p>\n<p><a href=\"http:\/\/stanek.ch\/wordpress\/wp-content\/uploads\/2023\/03\/Regina-Pulver-Dortmund.jpg\"><img loading=\"lazy\" decoding=\"async\" src=\"http:\/\/stanek.ch\/wordpress\/wp-content\/uploads\/2023\/03\/Regina-Pulver-Dortmund.jpg\" alt=\"\" title=\"Regina-Pulver-Dortmund\" width=\"1554\" height=\"2144\" class=\"alignnone size-full wp-image-15002\" srcset=\"http:\/\/stanek.ch\/wordpress\/wp-content\/uploads\/2023\/03\/Regina-Pulver-Dortmund.jpg 1554w, http:\/\/stanek.ch\/wordpress\/wp-content\/uploads\/2023\/03\/Regina-Pulver-Dortmund-217x300.jpg 217w, http:\/\/stanek.ch\/wordpress\/wp-content\/uploads\/2023\/03\/Regina-Pulver-Dortmund-742x1024.jpg 742w\" sizes=\"auto, (max-width: 1554px) 100vw, 1554px\" \/><\/a><\/p>\n<p><a href=\"http:\/\/stanek.ch\/wordpress\/wp-content\/uploads\/2023\/03\/Regina-Blondine.jpg\"><img loading=\"lazy\" decoding=\"async\" src=\"http:\/\/stanek.ch\/wordpress\/wp-content\/uploads\/2023\/03\/Regina-Blondine.jpg\" alt=\"\" title=\"Regina-Blondine\" width=\"518\" height=\"764\" class=\"alignnone size-full wp-image-15003\" srcset=\"http:\/\/stanek.ch\/wordpress\/wp-content\/uploads\/2023\/03\/Regina-Blondine.jpg 518w, http:\/\/stanek.ch\/wordpress\/wp-content\/uploads\/2023\/03\/Regina-Blondine-203x300.jpg 203w\" sizes=\"auto, (max-width: 518px) 100vw, 518px\" \/><\/a><\/p>\n<p>Regina freut sich nat\u00fcrlich \u00fcber Feedback, denn wir lernten damals in unseren &#8222;haydays&#8220; die &#8222;halbe Schweiz&#8220; kennen&#8230; Sie hat allerdings heute noch kein e-Mail, ist aber an der Trapphofstrasse 137 in 44287 Dortmund zu finden.<\/p>\n","protected":false},"excerpt":{"rendered":"<p>Regina Pulver ist zeitweise im Berner Oberland und in Dortmund aufgewachsen und sprach deshalb astrein Berndeutsch und Hochdeutsch. Wir beide konnten die Leute jeweils herrlich verwirren, weil wir blitzschnell zwischen zwei &#8222;Dialekten&#8220; wechseln konnten, so dass Zuh\u00f6rer entweder fanden, die &hellip; <a href=\"http:\/\/stanek.ch\/wordpress\/weltgeschehen\/2023\/03\/freundin-aus-dem-jahr-1973-hat-sich-wieder-einmal-gemeldet\/\">Weiterlesen <span class=\"meta-nav\">&rarr;<\/span><\/a><\/p>\n","protected":false},"author":2,"featured_media":0,"comment_status":"open","ping_status":"open","sticky":false,"template":"","format":"standard","meta":{"footnotes":""},"categories":[7,1],"tags":[],"class_list":["post-14999","post","type-post","status-publish","format-standard","hentry","category-blog","category-weltgeschehen"],"_links":{"self":[{"href":"http:\/\/stanek.ch\/wordpress\/wp-json\/wp\/v2\/posts\/14999","targetHints":{"allow":["GET"]}}],"collection":[{"href":"http:\/\/stanek.ch\/wordpress\/wp-json\/wp\/v2\/posts"}],"about":[{"href":"http:\/\/stanek.ch\/wordpress\/wp-json\/wp\/v2\/types\/post"}],"author":[{"embeddable":true,"href":"http:\/\/stanek.ch\/wordpress\/wp-json\/wp\/v2\/users\/2"}],"replies":[{"embeddable":true,"href":"http:\/\/stanek.ch\/wordpress\/wp-json\/wp\/v2\/comments?post=14999"}],"version-history":[{"count":7,"href":"http:\/\/stanek.ch\/wordpress\/wp-json\/wp\/v2\/posts\/14999\/revisions"}],"predecessor-version":[{"id":16692,"href":"http:\/\/stanek.ch\/wordpress\/wp-json\/wp\/v2\/posts\/14999\/revisions\/16692"}],"wp:attachment":[{"href":"http:\/\/stanek.ch\/wordpress\/wp-json\/wp\/v2\/media?parent=14999"}],"wp:term":[{"taxonomy":"category","embeddable":true,"href":"http:\/\/stanek.ch\/wordpress\/wp-json\/wp\/v2\/categories?post=14999"},{"taxonomy":"post_tag","embeddable":true,"href":"http:\/\/stanek.ch\/wordpress\/wp-json\/wp\/v2\/tags?post=14999"}],"curies":[{"name":"wp","href":"https:\/\/api.w.org\/{rel}","templated":true}]}}