{"id":12930,"date":"2021-11-16T18:29:13","date_gmt":"2021-11-16T17:29:13","guid":{"rendered":"http:\/\/stanek.ch\/wordpress\/?p=12930"},"modified":"2021-11-17T13:26:07","modified_gmt":"2021-11-17T12:26:07","slug":"die-videoproduktion-leben-im-all-ist-neu-auf-meiner-homepage","status":"publish","type":"post","link":"http:\/\/stanek.ch\/wordpress\/weltgeschehen\/2021\/11\/die-videoproduktion-leben-im-all-ist-neu-auf-meiner-homepage\/","title":{"rendered":"Die Videoproduktion &#8222;Leben im All&#8220; ist neu auf meiner Homepage!"},"content":{"rendered":"<p>Wieder wird eine Trouvaille unter meinen Videoproduktionen aus der Zeit neuer Resultate zweier Radio- und optischer Teleskope der NASA frei zug\u00e4nglich. Seit der Stagnation der Forschung habe ich den zweiten absichtlich noch nicht abgeschlossen und habe beide altersbedingt und auch aus anderen Gr\u00fcnden immer weniger \u00f6ffentlich zeigen k\u00f6nnen. Das Thema ist aber so faszinierend wie eh und je, und die zusammen 40 Minuten dauernden Filme sind f\u00fcr mich und viele andere Interessenten weiterhin eine aktuelle Darstellung der \u00fcbrigens recht anspruchsvollen Fakten. Fachleute haben eben nicht die Zeit und die Medien oft nicht die Kenntnis, alles bis in die Tiefe aufzuarbeiten, die jemand im Internet suchen w\u00fcrde. Nat\u00fcrlich w\u00e4re es ideal, nach jeweils einer halben Minute eine viermal so lange Pause einzuschalten, um alles verdauen zu k\u00f6nnen! Schauen Sie hinein, profitieren so viel wie m\u00f6glich, \u00fcberzeugen Sie sich von der Faszination des Themas, das in meinen Weltraumvortr\u00e4gen \u00fcber mehr als ein halbes Jahrhundert notorisch am meisten zu Publikumsfragen gef\u00fchrt hat!<\/p>\n<p>Daniel Annen in Oberarth hat die Filme auf einen stabilen Server geladen und via seine Webseite <strong><a href=\"https:\/\/www.zuercherin.net\/2021\/11\/15\/leben-im-all\/\">ZUERCHERIN.NET<\/a><\/strong> bequem abrufbar gemacht.<\/p>\n<p>Ein Film von Bruno Stanek<\/p>\n<h2>Teil I<\/h2>\n<p><script>!function(r,u,m,b,l,e){r._Rumble=b,r[b]||(r[b]=function(){(r[b]._=r[b]._||[]).push(arguments);if(r[b]._.length==1){l=u.createElement(m),e=u.getElementsByTagName(m)[0],l.async=1,l.src=\"https:\/\/rumble.com\/embedJS\/unkgp3\"+(arguments[1].video?'.'+arguments[1].video:'')+\"\/?url=\"+encodeURIComponent(location.href)+\"&args=\"+encodeURIComponent(JSON.stringify([].slice.apply(arguments))),e.parentNode.insertBefore(l,e)}})}(window, document, \"script\", \"Rumble\");<\/script><\/p>\n<div id=\"rumble_vmn1gb\"><\/div>\n<p><script>\nRumble(\"play\", {\"video\":\"vmn1gb\",\"div\":\"rumble_vmn1gb\"});<\/script><\/p>\n<h2>Teil II<\/h2>\n<p><script>!function(r,u,m,b,l,e){r._Rumble=b,r[b]||(r[b]=function(){(r[b]._=r[b]._||[]).push(arguments);if(r[b]._.length==1){l=u.createElement(m),e=u.getElementsByTagName(m)[0],l.async=1,l.src=\"https:\/\/rumble.com\/embedJS\/unkgp3\"+(arguments[1].video?'.'+arguments[1].video:'')+\"\/?url=\"+encodeURIComponent(location.href)+\"&args=\"+encodeURIComponent(JSON.stringify([].slice.apply(arguments))),e.parentNode.insertBefore(l,e)}})}(window, document, \"script\", \"Rumble\");<\/script><\/p>\n<div id=\"rumble_vmn201\"><\/div>\n<p><script>\nRumble(\"play\", {\"video\":\"vmn201\",\"div\":\"rumble_vmn201\"});<\/script><\/p>\n","protected":false},"excerpt":{"rendered":"<p>Wieder wird eine Trouvaille unter meinen Videoproduktionen aus der Zeit neuer Resultate zweier Radio- und optischer Teleskope der NASA frei zug\u00e4nglich. Seit der Stagnation der Forschung habe ich den zweiten absichtlich noch nicht abgeschlossen und habe beide altersbedingt und auch &hellip; <a href=\"http:\/\/stanek.ch\/wordpress\/weltgeschehen\/2021\/11\/die-videoproduktion-leben-im-all-ist-neu-auf-meiner-homepage\/\">Weiterlesen <span class=\"meta-nav\">&rarr;<\/span><\/a><\/p>\n","protected":false},"author":2,"featured_media":0,"comment_status":"closed","ping_status":"closed","sticky":false,"template":"","format":"standard","meta":{"footnotes":""},"categories":[1,5],"tags":[],"class_list":["post-12930","post","type-post","status-publish","format-standard","hentry","category-weltgeschehen","category-raumfahrt"],"_links":{"self":[{"href":"http:\/\/stanek.ch\/wordpress\/wp-json\/wp\/v2\/posts\/12930","targetHints":{"allow":["GET"]}}],"collection":[{"href":"http:\/\/stanek.ch\/wordpress\/wp-json\/wp\/v2\/posts"}],"about":[{"href":"http:\/\/stanek.ch\/wordpress\/wp-json\/wp\/v2\/types\/post"}],"author":[{"embeddable":true,"href":"http:\/\/stanek.ch\/wordpress\/wp-json\/wp\/v2\/users\/2"}],"replies":[{"embeddable":true,"href":"http:\/\/stanek.ch\/wordpress\/wp-json\/wp\/v2\/comments?post=12930"}],"version-history":[{"count":7,"href":"http:\/\/stanek.ch\/wordpress\/wp-json\/wp\/v2\/posts\/12930\/revisions"}],"predecessor-version":[{"id":12942,"href":"http:\/\/stanek.ch\/wordpress\/wp-json\/wp\/v2\/posts\/12930\/revisions\/12942"}],"wp:attachment":[{"href":"http:\/\/stanek.ch\/wordpress\/wp-json\/wp\/v2\/media?parent=12930"}],"wp:term":[{"taxonomy":"category","embeddable":true,"href":"http:\/\/stanek.ch\/wordpress\/wp-json\/wp\/v2\/categories?post=12930"},{"taxonomy":"post_tag","embeddable":true,"href":"http:\/\/stanek.ch\/wordpress\/wp-json\/wp\/v2\/tags?post=12930"}],"curies":[{"name":"wp","href":"https:\/\/api.w.org\/{rel}","templated":true}]}}