{"id":1232,"date":"2012-11-10T05:59:36","date_gmt":"2012-11-10T04:59:36","guid":{"rendered":"http:\/\/stanek.ch\/wordpress\/?p=1232"},"modified":"2012-11-10T12:31:18","modified_gmt":"2012-11-10T11:31:18","slug":"9-november-2012-bruno-staneks-herbstvortrag-in-goldau","status":"publish","type":"post","link":"http:\/\/stanek.ch\/wordpress\/vortragehistory\/2012\/11\/9-november-2012-bruno-staneks-herbstvortrag-in-goldau\/","title":{"rendered":"9. November 2012: Bruno Stanek&#8217;s Herbstvortrag in Goldau"},"content":{"rendered":"<p>Es ist nat\u00fcrlich ein ganz besonderes Vergn\u00fcgen, den Geburtstag in einem Vortragssaal und im Kreise von Freunden und thematisch zugewandten Orten zu verbringen! Zwei Besucher hatten ihre Kinder dabei, die mir nach der Pause ein selber gedichtetes Lied gesungen haben, und  Erwachsene haben mir Geschenke mitgebracht, was zwar nicht n\u00f6tig w\u00e4re, mich aber jedes Mal freut. Andere waren \u00fcberrascht vom Festtag und haben mir spontan gratuliert.  Tausend Dank allen f\u00fcr diese Gesten! Gefreut hat mich auch, wie gut die aufwendigere Full-HD-Technik mit meinem diesmal perfekten Beamer angekommen ist. Ein Meilenstein in der Weltraumberichterstattung! Hier nochmals die Original-Vortragsank\u00fcndigung:<\/p>\n<p>Dieses Jahr steht ganz im Zeichen von Mars einerseits und der Stunde der Wahrheit f\u00fcr die privaten \u00abKonkurrenten\u00bb der NASA, sowie des ebenfalls kommerziellen Weltraumtourismus auf einer zweiten, allerdings viel niedrigeren Schiene. Ab diesem Jahr werden alle meine Vortr\u00e4ge mit einer eigens entwickelten Full-HD-Steuerung im Grossformat gezeigt. Saal\u00f6ffnung wird wieder 19 Uhr sein; Zeit genug also f\u00fcr Begegnungen und ein Rahmenprogramm, dessen Einzelheiten aber zu Beginn des Jahres noch nicht festgelegt sind. Das bereits komponierte Plakat mag die aktuellsten Themen noch etwas weiter andeuten.<\/p>\n<p><a href=\"http:\/\/stanek.ch\/wordpress\/wp-content\/uploads\/2012\/01\/Plakat-Vortrag-Goldau-2012-web1.jpg\"><img loading=\"lazy\" decoding=\"async\" class=\"alignnone size-full wp-image-1236\" title=\"Plakat-Vortrag-Goldau-2012-web\" src=\"http:\/\/stanek.ch\/wordpress\/wp-content\/uploads\/2012\/01\/Plakat-Vortrag-Goldau-2012-web1.jpg\" alt=\"\" width=\"557\" height=\"800\" srcset=\"http:\/\/stanek.ch\/wordpress\/wp-content\/uploads\/2012\/01\/Plakat-Vortrag-Goldau-2012-web1.jpg 557w, http:\/\/stanek.ch\/wordpress\/wp-content\/uploads\/2012\/01\/Plakat-Vortrag-Goldau-2012-web1-208x300.jpg 208w\" sizes=\"auto, (max-width: 557px) 100vw, 557px\" \/><\/a><\/p>\n","protected":false},"excerpt":{"rendered":"<p>Es ist nat\u00fcrlich ein ganz besonderes Vergn\u00fcgen, den Geburtstag in einem Vortragssaal und im Kreise von Freunden und thematisch zugewandten Orten zu verbringen! Zwei Besucher hatten ihre Kinder dabei, die mir nach der Pause ein selber gedichtetes Lied gesungen haben, &hellip; <a href=\"http:\/\/stanek.ch\/wordpress\/vortragehistory\/2012\/11\/9-november-2012-bruno-staneks-herbstvortrag-in-goldau\/\">Weiterlesen <span class=\"meta-nav\">&rarr;<\/span><\/a><\/p>\n","protected":false},"author":2,"featured_media":0,"comment_status":"closed","ping_status":"closed","sticky":false,"template":"","format":"standard","meta":{"footnotes":""},"categories":[3],"tags":[],"class_list":["post-1232","post","type-post","status-publish","format-standard","hentry","category-vortragehistory"],"_links":{"self":[{"href":"http:\/\/stanek.ch\/wordpress\/wp-json\/wp\/v2\/posts\/1232","targetHints":{"allow":["GET"]}}],"collection":[{"href":"http:\/\/stanek.ch\/wordpress\/wp-json\/wp\/v2\/posts"}],"about":[{"href":"http:\/\/stanek.ch\/wordpress\/wp-json\/wp\/v2\/types\/post"}],"author":[{"embeddable":true,"href":"http:\/\/stanek.ch\/wordpress\/wp-json\/wp\/v2\/users\/2"}],"replies":[{"embeddable":true,"href":"http:\/\/stanek.ch\/wordpress\/wp-json\/wp\/v2\/comments?post=1232"}],"version-history":[{"count":10,"href":"http:\/\/stanek.ch\/wordpress\/wp-json\/wp\/v2\/posts\/1232\/revisions"}],"predecessor-version":[{"id":1843,"href":"http:\/\/stanek.ch\/wordpress\/wp-json\/wp\/v2\/posts\/1232\/revisions\/1843"}],"wp:attachment":[{"href":"http:\/\/stanek.ch\/wordpress\/wp-json\/wp\/v2\/media?parent=1232"}],"wp:term":[{"taxonomy":"category","embeddable":true,"href":"http:\/\/stanek.ch\/wordpress\/wp-json\/wp\/v2\/categories?post=1232"},{"taxonomy":"post_tag","embeddable":true,"href":"http:\/\/stanek.ch\/wordpress\/wp-json\/wp\/v2\/tags?post=1232"}],"curies":[{"name":"wp","href":"https:\/\/api.w.org\/{rel}","templated":true}]}}