{"id":12210,"date":"2021-04-27T12:30:34","date_gmt":"2021-04-27T11:30:34","guid":{"rendered":"http:\/\/stanek.ch\/wordpress\/?p=12210"},"modified":"2021-05-11T12:35:35","modified_gmt":"2021-05-11T11:35:35","slug":"immerwahrender-und-weltweit-gultiger-augenoffner","status":"publish","type":"post","link":"http:\/\/stanek.ch\/wordpress\/weltgeschehen\/2021\/04\/immerwahrender-und-weltweit-gultiger-augenoffner\/","title":{"rendered":"Immerw\u00e4hrender und weltweit g\u00fcltiger Augen\u00f6ffner"},"content":{"rendered":"<p>Gelesen bei jemandem, dem die Biden-Politik in den USA den Kragen hat platzen lassen, und dann auf Deutsch \u00fcbersetzt:<br \/>\nDie bei den Linken salonf\u00e4higen Geisteskrankheiten sind: Heissen Sie den Sozialismus willkommen! Erh\u00f6hen Sie die Steuern f\u00fcr die Mittelklasse. Unterst\u00fctzen Sie Vorschriften zum Abbau von Arbeitspl\u00e4tzen. Lasst Kriminelle raus und Illegale rein. Entkriminalisieren Sie den Drogenhandel. Bevorzugen Sie Illegale gegen\u00fcber unseren eigenen B\u00fcrgern. Lassen Sie Jungen in die Badezimmer der M\u00e4dchen. Verurteilt Polizisten nach ihrer Arbeit! Geben Sie Steuergelder f\u00fcr Geschlechtsumwandlungen bei Gefangenen aus. Legalisieren Sie Schwangerschaftsabbr\u00fcche. Pervertiert bereits die Kinder. Treten Sie \u00f6ffentlich auf und verbrennen die Landes-Flagge. Respektiert die Nationalhymne nicht mehr. Verurteilt einseitig Christen. Akzeptiert jede Barbarei im Namen des Islam. \u00dcbersteuern Sie die hart arbeitenden Menschen und verw\u00f6hnt die Faulen. Schalten Sie jeden aus, der eine gegenteilige Ansicht hat. F\u00f6rdern Sie die Opfermentalit\u00e4t. Trampeln Sie auf der Verfassung herum. F\u00f6rdern Sie eine Mob-Mentalit\u00e4t und Rassismus gegen Weisse. F\u00fchren Sie einseitig manipulierte Untersuchungen durch und f\u00e4lschen Wahlen.<br \/>\nKommt Ihnen das alles bekannt vor? Wird das Schlagwort \u00abWoke\u00bb jemals wirklich \u00abAufwachen\u00bb, was es zu bedeuten vorgibt? <\/p>\n","protected":false},"excerpt":{"rendered":"<p>Gelesen bei jemandem, dem die Biden-Politik in den USA den Kragen hat platzen lassen, und dann auf Deutsch \u00fcbersetzt: Die bei den Linken salonf\u00e4higen Geisteskrankheiten sind: Heissen Sie den Sozialismus willkommen! Erh\u00f6hen Sie die Steuern f\u00fcr die Mittelklasse. Unterst\u00fctzen Sie &hellip; <a href=\"http:\/\/stanek.ch\/wordpress\/weltgeschehen\/2021\/04\/immerwahrender-und-weltweit-gultiger-augenoffner\/\">Weiterlesen <span class=\"meta-nav\">&rarr;<\/span><\/a><\/p>\n","protected":false},"author":2,"featured_media":0,"comment_status":"closed","ping_status":"closed","sticky":false,"template":"","format":"standard","meta":{"footnotes":""},"categories":[1],"tags":[],"class_list":["post-12210","post","type-post","status-publish","format-standard","hentry","category-weltgeschehen"],"_links":{"self":[{"href":"http:\/\/stanek.ch\/wordpress\/wp-json\/wp\/v2\/posts\/12210","targetHints":{"allow":["GET"]}}],"collection":[{"href":"http:\/\/stanek.ch\/wordpress\/wp-json\/wp\/v2\/posts"}],"about":[{"href":"http:\/\/stanek.ch\/wordpress\/wp-json\/wp\/v2\/types\/post"}],"author":[{"embeddable":true,"href":"http:\/\/stanek.ch\/wordpress\/wp-json\/wp\/v2\/users\/2"}],"replies":[{"embeddable":true,"href":"http:\/\/stanek.ch\/wordpress\/wp-json\/wp\/v2\/comments?post=12210"}],"version-history":[{"count":2,"href":"http:\/\/stanek.ch\/wordpress\/wp-json\/wp\/v2\/posts\/12210\/revisions"}],"predecessor-version":[{"id":12212,"href":"http:\/\/stanek.ch\/wordpress\/wp-json\/wp\/v2\/posts\/12210\/revisions\/12212"}],"wp:attachment":[{"href":"http:\/\/stanek.ch\/wordpress\/wp-json\/wp\/v2\/media?parent=12210"}],"wp:term":[{"taxonomy":"category","embeddable":true,"href":"http:\/\/stanek.ch\/wordpress\/wp-json\/wp\/v2\/categories?post=12210"},{"taxonomy":"post_tag","embeddable":true,"href":"http:\/\/stanek.ch\/wordpress\/wp-json\/wp\/v2\/tags?post=12210"}],"curies":[{"name":"wp","href":"https:\/\/api.w.org\/{rel}","templated":true}]}}