{"id":12078,"date":"2021-04-15T12:18:34","date_gmt":"2021-04-15T11:18:34","guid":{"rendered":"http:\/\/stanek.ch\/wordpress\/?p=12078"},"modified":"2021-04-15T12:35:59","modified_gmt":"2021-04-15T11:35:59","slug":"interview-auf-radio-central-uber-60-jahre-bemannte-raumfahrt-und-40-jahre-space-shuttle","status":"publish","type":"post","link":"http:\/\/stanek.ch\/wordpress\/weltgeschehen\/2021\/04\/interview-auf-radio-central-uber-60-jahre-bemannte-raumfahrt-und-40-jahre-space-shuttle\/","title":{"rendered":"Interview auf Radio Central \u00fcber 60 Jahre bemannte Raumfahrt und 40 Jahre Space Shuttle"},"content":{"rendered":"<p>Es hat in beiden Versionen ein paar erhaltenswerte Statements drin, zumal die Interviews in brutto 10 Minuten ohne Vorbereitung und ohne Notizen spontan per Telefon gef\u00fchrt wurden. Hier ist alles von Marcel Lustenberger bei <a href=\"http:\/\/stanek.ch\/wordpress\/wp-content\/uploads\/2021\/04\/LogoRadioSunshineRadioCentral.jpg\">Radio Central<\/a> genau dokumentiert:<\/p>\n<p><a href=\"https:\/\/radiocentral.ch\/async\/podcasts\/download?file=https%3A%2F%2Fsrw.podcast.impek.com%2Fsrw%2Fpub0007racntrlsh001%2Fdefmcat01ad1cat02%2F373979652%2Fhttps%3A%2F%2Fradiocentral.ch%2Fassets%2Fdabis%2Fpodcasts%2FCentral-Top-News%2FCentral-Top-News-2021-04-12-07-14-44-373979652.mp3\"><strong>60 Jahre bemannte Raumfahrt<\/strong><\/a><\/p>\n<p>USA gegen Sowjetunion &#8211; der einstige Kampf der Superm\u00e4chte um Einflusssph\u00e4re reichte bis ins All. Der Start des ersten Satelliten der UdSSR 1957 l\u00f6ste in den USA einen regelrechten &#8222;Sputnik-Schock&#8220; aus und auch bei der bemannten Raumfahrt hatte die Sowjetunion zun\u00e4chst einen Vorsprung, als sie heute vor 60 Jahren mit Juri Gagarin den ersten Astronauten ins All schickte.<\/p>\n<p><a href=\"https:\/\/radiocentral.ch\/async\/podcasts\/download?file=https%3A%2F%2Fsrw.podcast.impek.com%2Fsrw%2Fpub0007racntrlsh003%2Fdefmcat01ad1cat16%2F373979800%2Fhttps%3A%2F%2Fradiocentral.ch%2Fassets%2Fdabis%2Fpodcasts%2FCentral-Guestlist%2FCentral-Guestlist-2021-04-12-08-28-30-373979800.mp3\"><strong>Gast: Bruno Stanek \u00fcber eine 60 j\u00e4hrige Weltgeschichte<\/strong><\/a><\/p>\n<p>Juri Gagarin machte den Anfang: Vor 60 Jahren flog er als erster Mensch ins All. Heute planen die Weltraumnationen die R\u00fcckkehr auf den Mond. Private Unternehmen nehmen den Mars ins Visier.<\/p>\n<p>Viel Spass allen Zuh\u00f6rern, die sich das herunterladen und anh\u00f6ren k\u00f6nnen, wie der Stanek 2021 nach 53 Jahren Weltraumberichterstattung noch t\u00f6nt&#8230;<\/p>\n","protected":false},"excerpt":{"rendered":"<p>Es hat in beiden Versionen ein paar erhaltenswerte Statements drin, zumal die Interviews in brutto 10 Minuten ohne Vorbereitung und ohne Notizen spontan per Telefon gef\u00fchrt wurden. Hier ist alles von Marcel Lustenberger bei Radio Central genau dokumentiert: 60 Jahre &hellip; <a href=\"http:\/\/stanek.ch\/wordpress\/weltgeschehen\/2021\/04\/interview-auf-radio-central-uber-60-jahre-bemannte-raumfahrt-und-40-jahre-space-shuttle\/\">Weiterlesen <span class=\"meta-nav\">&rarr;<\/span><\/a><\/p>\n","protected":false},"author":2,"featured_media":0,"comment_status":"closed","ping_status":"closed","sticky":false,"template":"","format":"standard","meta":{"footnotes":""},"categories":[1,5],"tags":[],"class_list":["post-12078","post","type-post","status-publish","format-standard","hentry","category-weltgeschehen","category-raumfahrt"],"_links":{"self":[{"href":"http:\/\/stanek.ch\/wordpress\/wp-json\/wp\/v2\/posts\/12078","targetHints":{"allow":["GET"]}}],"collection":[{"href":"http:\/\/stanek.ch\/wordpress\/wp-json\/wp\/v2\/posts"}],"about":[{"href":"http:\/\/stanek.ch\/wordpress\/wp-json\/wp\/v2\/types\/post"}],"author":[{"embeddable":true,"href":"http:\/\/stanek.ch\/wordpress\/wp-json\/wp\/v2\/users\/2"}],"replies":[{"embeddable":true,"href":"http:\/\/stanek.ch\/wordpress\/wp-json\/wp\/v2\/comments?post=12078"}],"version-history":[{"count":6,"href":"http:\/\/stanek.ch\/wordpress\/wp-json\/wp\/v2\/posts\/12078\/revisions"}],"predecessor-version":[{"id":12086,"href":"http:\/\/stanek.ch\/wordpress\/wp-json\/wp\/v2\/posts\/12078\/revisions\/12086"}],"wp:attachment":[{"href":"http:\/\/stanek.ch\/wordpress\/wp-json\/wp\/v2\/media?parent=12078"}],"wp:term":[{"taxonomy":"category","embeddable":true,"href":"http:\/\/stanek.ch\/wordpress\/wp-json\/wp\/v2\/categories?post=12078"},{"taxonomy":"post_tag","embeddable":true,"href":"http:\/\/stanek.ch\/wordpress\/wp-json\/wp\/v2\/tags?post=12078"}],"curies":[{"name":"wp","href":"https:\/\/api.w.org\/{rel}","templated":true}]}}