{"id":12068,"date":"2021-03-22T18:42:27","date_gmt":"2021-03-22T17:42:27","guid":{"rendered":"http:\/\/stanek.ch\/wordpress\/?p=12068"},"modified":"2021-04-24T23:08:14","modified_gmt":"2021-04-24T22:08:14","slug":"ein-weltraumfan-im-kanton-obwalden-feierte-den-ersten-shuttle-start-am-12-april-1981","status":"publish","type":"post","link":"http:\/\/stanek.ch\/wordpress\/weltgeschehen\/2021\/03\/ein-weltraumfan-im-kanton-obwalden-feierte-den-ersten-shuttle-start-am-12-april-1981\/","title":{"rendered":"Ein Weltraumfan im Kanton Obwalden feierte den ersten Shuttle-Start am 12. April 1981"},"content":{"rendered":"<p>Diesen Start hat er in jungen Jahren am Schweizer Fernsehen bei meinen TV-Sendungen live erlebt, und er hat sogar <a href=\"http:\/\/stanek.ch\/wordpress\/raumfahrt\/2014\/11\/endlich-auf-deutsch-space-shuttle-missionen-1981-2011\/\">ein Buch \u00fcber alle 135 Shuttle-Missionen <\/a>herausgegeben! Wer mit ihm an das Datum denken will und diese gediegene 2&#215;2-m Fahne bei einem Spaziergang ob Sarnen OW (<a href=\"https:\/\/www.google.com\/maps\/place\/Obere+Hostatt,+6063+Sarnen\/@46.8962388,8.193645,426m\/data=!3m1!1e3!4m5!3m4!1s0x478fed91f4dcb661:0x7e478f3bde7da51e!8m2!3d46.8962352!4d8.194776\">Obere Hostatt<\/a>) sehen will: <a href=\"http:\/\/stanek.ch\/wordpress\/wp-content\/uploads\/2021\/04\/Hans-Sigrist-2x2m-Fahne-kl.jpg\">Voil\u00e0, damit es Ihnen gleich auff\u00e4llt und Sie nicht lange suchen m\u00fcssen!<\/a>  <\/p>\n","protected":false},"excerpt":{"rendered":"<p>Diesen Start hat er in jungen Jahren am Schweizer Fernsehen bei meinen TV-Sendungen live erlebt, und er hat sogar ein Buch \u00fcber alle 135 Shuttle-Missionen herausgegeben! Wer mit ihm an das Datum denken will und diese gediegene 2&#215;2-m Fahne bei &hellip; <a href=\"http:\/\/stanek.ch\/wordpress\/weltgeschehen\/2021\/03\/ein-weltraumfan-im-kanton-obwalden-feierte-den-ersten-shuttle-start-am-12-april-1981\/\">Weiterlesen <span class=\"meta-nav\">&rarr;<\/span><\/a><\/p>\n","protected":false},"author":2,"featured_media":0,"comment_status":"closed","ping_status":"closed","sticky":false,"template":"","format":"standard","meta":{"footnotes":""},"categories":[1],"tags":[],"class_list":["post-12068","post","type-post","status-publish","format-standard","hentry","category-weltgeschehen"],"_links":{"self":[{"href":"http:\/\/stanek.ch\/wordpress\/wp-json\/wp\/v2\/posts\/12068","targetHints":{"allow":["GET"]}}],"collection":[{"href":"http:\/\/stanek.ch\/wordpress\/wp-json\/wp\/v2\/posts"}],"about":[{"href":"http:\/\/stanek.ch\/wordpress\/wp-json\/wp\/v2\/types\/post"}],"author":[{"embeddable":true,"href":"http:\/\/stanek.ch\/wordpress\/wp-json\/wp\/v2\/users\/2"}],"replies":[{"embeddable":true,"href":"http:\/\/stanek.ch\/wordpress\/wp-json\/wp\/v2\/comments?post=12068"}],"version-history":[{"count":6,"href":"http:\/\/stanek.ch\/wordpress\/wp-json\/wp\/v2\/posts\/12068\/revisions"}],"predecessor-version":[{"id":12127,"href":"http:\/\/stanek.ch\/wordpress\/wp-json\/wp\/v2\/posts\/12068\/revisions\/12127"}],"wp:attachment":[{"href":"http:\/\/stanek.ch\/wordpress\/wp-json\/wp\/v2\/media?parent=12068"}],"wp:term":[{"taxonomy":"category","embeddable":true,"href":"http:\/\/stanek.ch\/wordpress\/wp-json\/wp\/v2\/categories?post=12068"},{"taxonomy":"post_tag","embeddable":true,"href":"http:\/\/stanek.ch\/wordpress\/wp-json\/wp\/v2\/tags?post=12068"}],"curies":[{"name":"wp","href":"https:\/\/api.w.org\/{rel}","templated":true}]}}