{"id":11475,"date":"2021-09-16T17:00:46","date_gmt":"2021-09-16T16:00:46","guid":{"rendered":"http:\/\/stanek.ch\/wordpress\/?p=11475"},"modified":"2022-01-26T17:15:44","modified_gmt":"2022-01-26T16:15:44","slug":"provisorische-vorankundigung-der-referate-uber-weltraumthemen-im-2021","status":"publish","type":"post","link":"http:\/\/stanek.ch\/wordpress\/vortragehistory\/2021\/09\/provisorische-vorankundigung-der-referate-uber-weltraumthemen-im-2021\/","title":{"rendered":"Goldauer Weltraum-Herbstvortrag 2021 am 5. November"},"content":{"rendered":"<p><em><strong>R\u00fcckschau auf den Herbstvortrag 5.11.2021:<\/strong><\/p>\n<p>Erneut ein grosser Erfolg trotz allen von &#8222;Bern&#8220; verf\u00fcgten Behinderungen &#8211; weder von mir noch von der Eichmatt-Saalverwaltung! Im Gegenteil gilt mein grosser Dank Jo Betschart vom Eichmatt f\u00fcr den sch\u00f6nen Saal, den professionellen Beamer und die \u00fcbrige Technik. Gleiches gilt auch f\u00fcr die erneut erg\u00e4nzte Ausstellung aller heute relevanten Raumschifftypen im hinteren Saalteil durch den unerm\u00fcdlichen Rudolf Moor. Das Publikum dankte uns f\u00fcr die erneute Durchf\u00fchrung der wohl gr\u00f6ssten SpaceX-Show im Lande (gut zweieinhalb Stunden) und ich dem Publikum f\u00fcr das zahlreiche Erscheinen aus vielen Landesgegenden! Ohne 30er-Personen-Limite wie 2020, sondern trotz der nicht unangenehm &#8222;distanzierten&#8220; Bestuhlung im ger\u00e4umigen Saal schon fast wieder wie in vergangenen Jahren. Bei den traditionell anspruchsvollen Zuh\u00f6rern durfte ich staunen \u00fcber die Disziplin bei dieser vollst\u00e4ndigen Pr\u00e4sentation des StarShip-Projektes, dass bis zuletzt volle Konzentration herrschte! Viele mir bekannte Anwesende verf\u00fcgten \u00fcber Grundkenntnisse zum Thema und konnten sich auf die noch nicht allgemein bekannten technischen Feinheiten und auch die Raumfahrt-politisch selten so deutlich zur Sprache kommenden Aspekte konzentrieren. Pikantes und Aktuelles bis zum Vortragstag fehlte hier nicht! Dies sch\u00e4tzten die Zuh\u00f6rer, wie ich von verschiedener Seite vernahm und was mich animierte, auch 2022 nochmals einen Goldauer Herbstvortrag zu planen. Bis dann d\u00fcrfte auch der nur knapp noch nicht stattgefundene erste Orbitalflug des StarShip Geschichte sein und Zuversicht zur Erw\u00e4hnung der nun damit m\u00f6glich werdenden Mond- und Marsfl\u00fcge aufkommen lassen.<\/em><\/p>\n<p><a href=\"http:\/\/stanek.ch\/wordpress\/wp-content\/uploads\/2021\/10\/Goldauer-Herbstvortrag-2021.jpg\"><img loading=\"lazy\" decoding=\"async\" src=\"http:\/\/stanek.ch\/wordpress\/wp-content\/uploads\/2021\/10\/Goldauer-Herbstvortrag-2021.jpg\" alt=\"\" title=\"SONY DSC\" width=\"1280\" height=\"852\" class=\"alignnone size-full wp-image-12864\" srcset=\"http:\/\/stanek.ch\/wordpress\/wp-content\/uploads\/2021\/10\/Goldauer-Herbstvortrag-2021.jpg 1280w, http:\/\/stanek.ch\/wordpress\/wp-content\/uploads\/2021\/10\/Goldauer-Herbstvortrag-2021-300x199.jpg 300w, http:\/\/stanek.ch\/wordpress\/wp-content\/uploads\/2021\/10\/Goldauer-Herbstvortrag-2021-1024x681.jpg 1024w\" sizes=\"auto, (max-width: 1280px) 100vw, 1280px\" \/><\/a><\/p>\n<p><a href=\"http:\/\/stanek.ch\/wordpress\/wp-content\/uploads\/2021\/10\/Team-Herbstvortrag-2021.jpg\"><img loading=\"lazy\" decoding=\"async\" src=\"http:\/\/stanek.ch\/wordpress\/wp-content\/uploads\/2021\/10\/Team-Herbstvortrag-2021.jpg\" alt=\"\" title=\"Team-Herbstvortrag-2021\" width=\"1280\" height=\"851\" class=\"alignnone size-full wp-image-12865\" srcset=\"http:\/\/stanek.ch\/wordpress\/wp-content\/uploads\/2021\/10\/Team-Herbstvortrag-2021.jpg 1280w, http:\/\/stanek.ch\/wordpress\/wp-content\/uploads\/2021\/10\/Team-Herbstvortrag-2021-300x199.jpg 300w, http:\/\/stanek.ch\/wordpress\/wp-content\/uploads\/2021\/10\/Team-Herbstvortrag-2021-1024x680.jpg 1024w\" sizes=\"auto, (max-width: 1280px) 100vw, 1280px\" \/><\/a><\/p>\n<p><a href=\"http:\/\/stanek.ch\/wordpress\/wp-content\/uploads\/2021\/10\/Referent.jpg\"><img loading=\"lazy\" decoding=\"async\" src=\"http:\/\/stanek.ch\/wordpress\/wp-content\/uploads\/2021\/10\/Referent.jpg\" alt=\"\" title=\"Referent\" width=\"1280\" height=\"851\" class=\"alignnone size-full wp-image-12866\" srcset=\"http:\/\/stanek.ch\/wordpress\/wp-content\/uploads\/2021\/10\/Referent.jpg 1280w, http:\/\/stanek.ch\/wordpress\/wp-content\/uploads\/2021\/10\/Referent-300x199.jpg 300w, http:\/\/stanek.ch\/wordpress\/wp-content\/uploads\/2021\/10\/Referent-1024x680.jpg 1024w\" sizes=\"auto, (max-width: 1280px) 100vw, 1280px\" \/><\/a><\/p>\n<p>Fotos: Paul Wichert, Basel.<\/p>\n<p><a href=\"http:\/\/stanek.ch\/wordpress\/wp-content\/uploads\/2021\/10\/Raketenmodelle-von-Rudolf-Mohr.jpg\"><img loading=\"lazy\" decoding=\"async\" src=\"http:\/\/stanek.ch\/wordpress\/wp-content\/uploads\/2021\/10\/Raketenmodelle-von-Rudolf-Mohr.jpg\" alt=\"\" title=\"Raketenmodelle-von-Rudolf-Mohr\" width=\"1280\" height=\"942\" class=\"alignnone size-full wp-image-12873\" srcset=\"http:\/\/stanek.ch\/wordpress\/wp-content\/uploads\/2021\/10\/Raketenmodelle-von-Rudolf-Mohr.jpg 1280w, http:\/\/stanek.ch\/wordpress\/wp-content\/uploads\/2021\/10\/Raketenmodelle-von-Rudolf-Mohr-300x220.jpg 300w, http:\/\/stanek.ch\/wordpress\/wp-content\/uploads\/2021\/10\/Raketenmodelle-von-Rudolf-Mohr-1024x753.jpg 1024w\" sizes=\"auto, (max-width: 1280px) 100vw, 1280px\" \/><\/a><\/p>\n<p>Collage von Bruno Stanek aus Bildern von Paul Wichert.<\/p>\n<p><a href=\"http:\/\/stanek.ch\/wordpress\/wp-content\/uploads\/2021\/10\/Stimmungsbil-von-langj\u00e4hrigem-Fan-seit-Apollo-Hermann-D\u00fcr.jpg\"><img loading=\"lazy\" decoding=\"async\" src=\"http:\/\/stanek.ch\/wordpress\/wp-content\/uploads\/2021\/10\/Stimmungsbil-von-langj\u00e4hrigem-Fan-seit-Apollo-Hermann-D\u00fcr.jpg\" alt=\"\" title=\"Stimmungsbil von langj\u00e4hrigem Fan seit Apollo Hermann D\u00fcr\" width=\"1280\" height=\"622\" class=\"alignnone size-full wp-image-12869\" srcset=\"http:\/\/stanek.ch\/wordpress\/wp-content\/uploads\/2021\/10\/Stimmungsbil-von-langj\u00e4hrigem-Fan-seit-Apollo-Hermann-D\u00fcr.jpg 1280w, http:\/\/stanek.ch\/wordpress\/wp-content\/uploads\/2021\/10\/Stimmungsbil-von-langj\u00e4hrigem-Fan-seit-Apollo-Hermann-D\u00fcr-300x145.jpg 300w, http:\/\/stanek.ch\/wordpress\/wp-content\/uploads\/2021\/10\/Stimmungsbil-von-langj\u00e4hrigem-Fan-seit-Apollo-Hermann-D\u00fcr-1024x497.jpg 1024w\" sizes=\"auto, (max-width: 1280px) 100vw, 1280px\" \/><\/a><\/p>\n<p>Stimmungsbild von Zuh\u00f6rer und Weltraum-Aficiado Hermann D\u00fcr aus Apollo-Zeiten.<\/p>\n<p><strong>Das Unwichtigste zuerst: es herrschte &#8218;Zertifikatspflicht&#8216;, was immer das f\u00fcr die Welt bedeutet. M\u00f6glichst alles \u00e4hnlich wie beim Vortrag 2020, aber ohne extrem limitierte Zuh\u00f6rerzahl, eher wieder wie normal. In D\u00e4nemark und Schweden w\u00e4re das alles unn\u00f6tig!! Bei uns hoffentlich auch bald wieder.<br \/>\n<\/strong><br \/>\nDas Interesse ist 2021 wegen den Aktivit\u00e4ten von SpaceX besonders gross, denn die Firma startet inzwischen zur Konsternation der Konkurrenz in aller Welt pro Jahr mehr Satelliten als alle anderen zusammen! Die Geschwindigkeit, mit der auch das k\u00fcnftige Mond- und Marsprogramm entwickelt wird, hat 2021 nochmals zugenommen. T\u00e4glich tut sich bei SpaceX in Boca Chica S\u00fcdtexas faszinierendes, an dem Weltrauminteressierte auf der ganzen Welt per Internet teilhaben, w\u00e4hrend die Konkurrenz zittert und zusammen mit der Obrigkeit versucht, den Primus nicht allzu m\u00e4chtig werden zu lassen&#8230;<\/p>\n<p>Der bew\u00e4hrte Ort und die Zeit bleiben wie bei den Referaten der letzten Jahre gleich.<br \/>\nEs lohnt sich, beizeiten zu erscheinen, weil die Eingangskontrollen vielleicht etwas Zeit brauchen.<\/p>\n<p>Zeit: Freitag, den 5. November 2021 um 20 Uhr, wie immer mit Saal\u00f6ffnung ab 19 Uhr.<br \/>\nOrt: Pfarreizentrum Eichmatt in 6410 Goldau SZ, Rigistrasse ob dem Rigibahnhof. Parkplatz gleich davor oder gegen\u00fcber der Gotthardstrasse auf dem Parkplatz der Kirche. Wenige Minuten zu Fuss ob dem Bahnhof Arth-Goldau.<\/p>\n<p>Mit 20 Minuten Pause ca. 21 Uhr f\u00fcr (Kr\u00e4fte schonende \ud83d\ude42 ) Kontakte und Getr\u00e4nkeservice mit ein paar offerierten S\u00fcssigkeiten.<br \/>\nKeine Anmeldung n\u00f6tig, Saal gross genug, Abendkasse.<\/p>\n<p>Im ersten Vortragsteil wird es kurz um die diesj\u00e4hrigen unbemannten Marsmissionen gehen, ganz sicher von den Fl\u00fcgen des Marshelikopters \u00abIngeniuity\u00bb. Dann wird ausf\u00fchrlich \u00fcber den Stand der Entwicklung beider Stufen des schliesslich 5000 Tonnen schweren \u00abStarship\u00bb (inklusive des \u00abSuper Heavy\u00bb-Boosters) berichtet. Wenn f\u00fcr uns bis im November (wie in den letzten Jahren) ein Wunder passiert (f\u00fcr Elon Musk ist es seine normale Planung), erleben wir bis dann bereits den ersten Orbitalflug um die Erde. Es ist Ziel bei meinen Vortr\u00e4gen, Musk&#8217;s st\u00e4ndig im Fluss befindliche Projekte verst\u00e4ndlich auszudeutschen. Der Update des f\u00fcr den Vortrag massgeschneiderten Bildmaterials erfolgt t\u00e4glich und der Vortrag wird bis im November im Vergleich zu 2020 aus weitgehend neuen Illustrationen bestehen. Auch diese Generation bekommt also nochmals die Chance, eine faszinierende Erweiterung unseres Lebensraumes live zu erleben, so, wie 1969-1972.<\/p>\n<p>SpaceX ist wohl die einzige Organisation, die im All noch Geld verdient und gleich wieder investiert, und dies bald auch beim Satelliten-basierten Internet. \u00dcberall sind die Firmen von Elon Musk auf der \u00dcberholspur und haben andere Raketenbauer von Staatsauftr\u00e4gen abh\u00e4ngig gemacht. SpaceX ist eine der Firmen, welche angesichts der obrigkeitlich auch in den USA verf\u00fcgten Quarant\u00e4nen unter Beachtung vern\u00fcnftiger Vorsichtmassnahmen mit \u201cfull power\u201d weiterarbeitet.<\/p>\n<p>Im Vortrag von Bruno Stanek geht es also vor allem um das Mond- und Marsprogramm von Elon Musk, das sich dieser aus der eigenen Tasche und unabh\u00e4ngig vom Steuerzahler leisten kann. F\u00fcr ihn ist der Traum bemannter Fl\u00fcge zu Mars, ja sogar dessen Besiedlung, eine Art Chefsache. Das neueste Bildmaterial in hoher Aufl\u00f6sung zeigt gleich zu Beginn, warum der Mars als zweite Welt eine Reise wert ist. Dann geht es darum, zu zeigen, wie dieses Ziel mit dem vollst\u00e4ndig wiederverwendbaren \u00abStarship\u00bb binnen einigen \u00fcberblickbaren Jahren erreicht werden kann. Der tiefere Grund f\u00fcr diese Zuversicht liegt darin, dass auch 2021 niemand, nicht einmal die offizielle NASA, eine Technologie demonstrieren kann, mit der man dank wiederverwendbaren Raumschiffen  unseren Nachbarplaneten zu tragbaren Kosten erreichen kann. Fachleute in aller Welt stellen sich heute die Frage, weshalb sich die NASA trotz Steuergeldern und daher m\u00f6glich gewordener Verschwendung als Leader im bemannten Sektor (100-150 t zu Mars statt nur 1 t wie bei den unbemannten Sonden) verabschiedet hat und heute die Zusammenarbeit mit SpaceX sucht.<\/p>\n<p>Im Print-Sektor h\u00e4lt Stanek seine \u201cFollower\u201d mit seinen \u201cSpace Cornern\u201d in der Schweizer Aviatikerzeitschrift Cockpit auf dem laufenden.<\/p>\n<p>Der bekannte Modellbauer Rudolf Mohr aus Kollbrunn zeigt in Goldau auch 2021 seine aktuellsten Modelle und tr\u00e4gt, wie jedes Mal, zur Ambiance im Saal bei!<\/p>\n<p>Es gibt gelegentlich Freunde von weiter weg im Lande, die nach dem Vortragsabend nicht mehr heimfahren m\u00f6chten. Da gibt es eine romantische Jugendstilvilla gleich neben dem Vortragssaal, deren Besitzerin \u201cBed and Breakfast\u201d anbietet!  Diese ideale \u00dcbernachtungsm\u00f6glichkeit, empfehle ich nat\u00fcrlich gerne weiter, auch wenn sie vom Platz her beschr\u00e4nkt ist. <\/p>\n<p><a href=\"http:\/\/stanek.ch\/wordpress\/wp-content\/uploads\/2021\/03\/Plakat-2021-web.jpg\"><img loading=\"lazy\" decoding=\"async\" src=\"http:\/\/stanek.ch\/wordpress\/wp-content\/uploads\/2021\/03\/Plakat-2021-web.jpg\" alt=\"\" title=\"Plakat-2021-web\" width=\"668\" height=\"960\" class=\"alignnone size-full wp-image-11960\" srcset=\"http:\/\/stanek.ch\/wordpress\/wp-content\/uploads\/2021\/03\/Plakat-2021-web.jpg 668w, http:\/\/stanek.ch\/wordpress\/wp-content\/uploads\/2021\/03\/Plakat-2021-web-208x300.jpg 208w\" sizes=\"auto, (max-width: 668px) 100vw, 668px\" \/><\/a><\/p>\n","protected":false},"excerpt":{"rendered":"<p>R\u00fcckschau auf den Herbstvortrag 5.11.2021: Erneut ein grosser Erfolg trotz allen von &#8222;Bern&#8220; verf\u00fcgten Behinderungen &#8211; weder von mir noch von der Eichmatt-Saalverwaltung! Im Gegenteil gilt mein grosser Dank Jo Betschart vom Eichmatt f\u00fcr den sch\u00f6nen Saal, den professionellen Beamer &hellip; <a href=\"http:\/\/stanek.ch\/wordpress\/vortragehistory\/2021\/09\/provisorische-vorankundigung-der-referate-uber-weltraumthemen-im-2021\/\">Weiterlesen <span class=\"meta-nav\">&rarr;<\/span><\/a><\/p>\n","protected":false},"author":2,"featured_media":0,"comment_status":"closed","ping_status":"closed","sticky":false,"template":"","format":"standard","meta":{"footnotes":""},"categories":[3,5],"tags":[],"class_list":["post-11475","post","type-post","status-publish","format-standard","hentry","category-vortragehistory","category-raumfahrt"],"_links":{"self":[{"href":"http:\/\/stanek.ch\/wordpress\/wp-json\/wp\/v2\/posts\/11475","targetHints":{"allow":["GET"]}}],"collection":[{"href":"http:\/\/stanek.ch\/wordpress\/wp-json\/wp\/v2\/posts"}],"about":[{"href":"http:\/\/stanek.ch\/wordpress\/wp-json\/wp\/v2\/types\/post"}],"author":[{"embeddable":true,"href":"http:\/\/stanek.ch\/wordpress\/wp-json\/wp\/v2\/users\/2"}],"replies":[{"embeddable":true,"href":"http:\/\/stanek.ch\/wordpress\/wp-json\/wp\/v2\/comments?post=11475"}],"version-history":[{"count":73,"href":"http:\/\/stanek.ch\/wordpress\/wp-json\/wp\/v2\/posts\/11475\/revisions"}],"predecessor-version":[{"id":13211,"href":"http:\/\/stanek.ch\/wordpress\/wp-json\/wp\/v2\/posts\/11475\/revisions\/13211"}],"wp:attachment":[{"href":"http:\/\/stanek.ch\/wordpress\/wp-json\/wp\/v2\/media?parent=11475"}],"wp:term":[{"taxonomy":"category","embeddable":true,"href":"http:\/\/stanek.ch\/wordpress\/wp-json\/wp\/v2\/categories?post=11475"},{"taxonomy":"post_tag","embeddable":true,"href":"http:\/\/stanek.ch\/wordpress\/wp-json\/wp\/v2\/tags?post=11475"}],"curies":[{"name":"wp","href":"https:\/\/api.w.org\/{rel}","templated":true}]}}