{"id":11465,"date":"2020-12-18T18:24:14","date_gmt":"2020-12-18T17:24:14","guid":{"rendered":"http:\/\/stanek.ch\/wordpress\/?p=11465"},"modified":"2020-12-18T18:39:28","modified_gmt":"2020-12-18T17:39:28","slug":"auch-das-gehort-im-grosseren-zusammenhang-zum-thema-grippe","status":"publish","type":"post","link":"http:\/\/stanek.ch\/wordpress\/weltgeschehen\/2020\/12\/auch-das-gehort-im-grosseren-zusammenhang-zum-thema-grippe\/","title":{"rendered":"Auch das geh\u00f6rt im gr\u00f6sseren Zusammenhang zum Thema Grippe"},"content":{"rendered":"<p>Vor Tausend Jahren blieben w\u00e4hrend einer klimatische Warmphase, die den Wikingern grosse Seereisen erm\u00f6glichte, einige Skandinavier auf den heutigen Kanarischen Inseln stecken. 500 Jahre sp\u00e4ter waren es vor allem Spanier, denen die blonden Ureinwohner auffielen und die sie Guanchen nannten. Jenes Volk hatte wegen der Abgeschlossenheit auf den wundersch\u00f6nen Inseln keine Gelegenheit, ihre Immunisierung den (noch) viel unhygienischer lebenden Europ\u00e4ern anzupassen. Es steckt eine unvorstellbare Tragik in den Folgen des pl\u00f6tzlichen Kontaktes mit Mittelmeerv\u00f6lkern, denn die Guanchen sind in ganz kurzer Zeit an noch nie erlebten Krankheiten weitgehend ausgestorben. Nur ganz wenige \u00dcberlebende zeugen noch heute davon, indem sich ihre Nachfahren im genetischen Schmelztiegel durch ihre Haar- und Augenfarbe zu erkennen geben. <\/p>\n<p>Dagegen ist sogar die Corona-Pandemie, ausgel\u00f6st durch das andere langezeit mehr oder weniger ferne Volk der Chinesen, direkt relativ harmlos. Auch wenn schon vor 100 Jahren (1918\/19) einmal eine noch mehr als zehnmal gr\u00f6ssere Zahl von Opfern bei kleinerer Bev\u00f6lkerungszahl ebenfalls wegen China weltweit zu beklagen war. Wegen den Profiteuren der Globalisierung (v.a. China) darf dies aber nicht laut gesagt werden, obwohl es gleichzeitig die aktuelle Frontalkollision zwischen Hygiene und Immunologie beweist, was aber zus\u00e4tzlich aus \u00abcoronapolitischen\u00bb Gr\u00fcnden geleugnet werden muss.<\/p>\n","protected":false},"excerpt":{"rendered":"<p>Vor Tausend Jahren blieben w\u00e4hrend einer klimatische Warmphase, die den Wikingern grosse Seereisen erm\u00f6glichte, einige Skandinavier auf den heutigen Kanarischen Inseln stecken. 500 Jahre sp\u00e4ter waren es vor allem Spanier, denen die blonden Ureinwohner auffielen und die sie Guanchen nannten. &hellip; <a href=\"http:\/\/stanek.ch\/wordpress\/weltgeschehen\/2020\/12\/auch-das-gehort-im-grosseren-zusammenhang-zum-thema-grippe\/\">Weiterlesen <span class=\"meta-nav\">&rarr;<\/span><\/a><\/p>\n","protected":false},"author":2,"featured_media":0,"comment_status":"closed","ping_status":"closed","sticky":false,"template":"","format":"standard","meta":{"footnotes":""},"categories":[1],"tags":[],"class_list":["post-11465","post","type-post","status-publish","format-standard","hentry","category-weltgeschehen"],"_links":{"self":[{"href":"http:\/\/stanek.ch\/wordpress\/wp-json\/wp\/v2\/posts\/11465","targetHints":{"allow":["GET"]}}],"collection":[{"href":"http:\/\/stanek.ch\/wordpress\/wp-json\/wp\/v2\/posts"}],"about":[{"href":"http:\/\/stanek.ch\/wordpress\/wp-json\/wp\/v2\/types\/post"}],"author":[{"embeddable":true,"href":"http:\/\/stanek.ch\/wordpress\/wp-json\/wp\/v2\/users\/2"}],"replies":[{"embeddable":true,"href":"http:\/\/stanek.ch\/wordpress\/wp-json\/wp\/v2\/comments?post=11465"}],"version-history":[{"count":4,"href":"http:\/\/stanek.ch\/wordpress\/wp-json\/wp\/v2\/posts\/11465\/revisions"}],"predecessor-version":[{"id":11467,"href":"http:\/\/stanek.ch\/wordpress\/wp-json\/wp\/v2\/posts\/11465\/revisions\/11467"}],"wp:attachment":[{"href":"http:\/\/stanek.ch\/wordpress\/wp-json\/wp\/v2\/media?parent=11465"}],"wp:term":[{"taxonomy":"category","embeddable":true,"href":"http:\/\/stanek.ch\/wordpress\/wp-json\/wp\/v2\/categories?post=11465"},{"taxonomy":"post_tag","embeddable":true,"href":"http:\/\/stanek.ch\/wordpress\/wp-json\/wp\/v2\/tags?post=11465"}],"curies":[{"name":"wp","href":"https:\/\/api.w.org\/{rel}","templated":true}]}}