{"id":11368,"date":"2020-12-03T13:43:35","date_gmt":"2020-12-03T12:43:35","guid":{"rendered":"http:\/\/stanek.ch\/wordpress\/?p=11368"},"modified":"2021-02-09T18:20:58","modified_gmt":"2021-02-09T17:20:58","slug":"schneemann-bauen-2020","status":"publish","type":"post","link":"http:\/\/stanek.ch\/wordpress\/weltgeschehen\/2020\/12\/schneemann-bauen-2020\/","title":{"rendered":"Schneemann bauen 2020."},"content":{"rendered":"<p>8:00 Schneemann gebaut<br \/>\n8:10 Eine Emanze auf dem Weg zur Arbeit beschwert sich, warum das keine Schneefrau ist<br \/>\n8:15 Schneefrau dazu gebaut<br \/>\n8:17 Die Kinderg\u00e4rtnerin beschwert sich \u00fcber die angedeuteten Br\u00fcste der Schneefrau<br \/>\n8:20 Schwuler beschimpft mich, weil es auch 2 Schneem\u00e4nner geben sollte<br \/>\n8:25 Vegane Nachbarin p\u00f6belt hin\u00fcber, die Wurzelnase sei Lebensmittel-Verschwendung<br \/>\n8:30 Ich werde als Rassist beschimpft, weil der Schnee wei\u00df ist<br \/>\n8:35 Fatma von der Ecke fordert ein Kopftuch f\u00fcr die Schneefrau<br \/>\n8:40 die Polizei trifft ein und beobachtet das Szenario<br \/>\n8:45 Antiterror-Einsatzgruppe erscheint, weil Besenstiel als Schlagwaffe benutzbar ist.<br \/>\n8:50 Der IS bekennt sich zu dem Schneemann<br \/>\n8:55 mein Handy wird beschlagnahmt und ausgewertet, w\u00e4hrend ich mit verbundenen Augen im Hubschrauber zur Bundesanwaltschaft unterwegs bin.<br \/>\n9:00 das BAG kommt vorbei. Ich bezahle CHF 1.000 Busse, weil Schneemann und Schneefrau keine Maske tragen und der Mindestabstand nicht eingehalten wird.<br \/>\n<a href=\"http:\/\/stanek.ch\/wordpress\/weltgeschehen\/2021\/01\/blog-vom-1-februar-2021-bis\/\">Hier t\u00e4glich noch mehr neuer Wahnsinn&#8230;<br \/>\n<\/a><\/p>\n","protected":false},"excerpt":{"rendered":"<p>8:00 Schneemann gebaut 8:10 Eine Emanze auf dem Weg zur Arbeit beschwert sich, warum das keine Schneefrau ist 8:15 Schneefrau dazu gebaut 8:17 Die Kinderg\u00e4rtnerin beschwert sich \u00fcber die angedeuteten Br\u00fcste der Schneefrau 8:20 Schwuler beschimpft mich, weil es auch &hellip; <a href=\"http:\/\/stanek.ch\/wordpress\/weltgeschehen\/2020\/12\/schneemann-bauen-2020\/\">Weiterlesen <span class=\"meta-nav\">&rarr;<\/span><\/a><\/p>\n","protected":false},"author":2,"featured_media":0,"comment_status":"closed","ping_status":"closed","sticky":false,"template":"","format":"standard","meta":{"footnotes":""},"categories":[1],"tags":[],"class_list":["post-11368","post","type-post","status-publish","format-standard","hentry","category-weltgeschehen"],"_links":{"self":[{"href":"http:\/\/stanek.ch\/wordpress\/wp-json\/wp\/v2\/posts\/11368","targetHints":{"allow":["GET"]}}],"collection":[{"href":"http:\/\/stanek.ch\/wordpress\/wp-json\/wp\/v2\/posts"}],"about":[{"href":"http:\/\/stanek.ch\/wordpress\/wp-json\/wp\/v2\/types\/post"}],"author":[{"embeddable":true,"href":"http:\/\/stanek.ch\/wordpress\/wp-json\/wp\/v2\/users\/2"}],"replies":[{"embeddable":true,"href":"http:\/\/stanek.ch\/wordpress\/wp-json\/wp\/v2\/comments?post=11368"}],"version-history":[{"count":12,"href":"http:\/\/stanek.ch\/wordpress\/wp-json\/wp\/v2\/posts\/11368\/revisions"}],"predecessor-version":[{"id":11375,"href":"http:\/\/stanek.ch\/wordpress\/wp-json\/wp\/v2\/posts\/11368\/revisions\/11375"}],"wp:attachment":[{"href":"http:\/\/stanek.ch\/wordpress\/wp-json\/wp\/v2\/media?parent=11368"}],"wp:term":[{"taxonomy":"category","embeddable":true,"href":"http:\/\/stanek.ch\/wordpress\/wp-json\/wp\/v2\/categories?post=11368"},{"taxonomy":"post_tag","embeddable":true,"href":"http:\/\/stanek.ch\/wordpress\/wp-json\/wp\/v2\/tags?post=11368"}],"curies":[{"name":"wp","href":"https:\/\/api.w.org\/{rel}","templated":true}]}}