{"id":11245,"date":"2020-11-07T20:31:58","date_gmt":"2020-11-07T19:31:58","guid":{"rendered":"http:\/\/stanek.ch\/wordpress\/?p=11245"},"modified":"2020-11-30T15:20:44","modified_gmt":"2020-11-30T14:20:44","slug":"erfahrungen-aus-dem-goldauer-herbstvortrag-2020-fur-neue-ideen","status":"publish","type":"post","link":"http:\/\/stanek.ch\/wordpress\/vortragehistory\/2020\/11\/erfahrungen-aus-dem-goldauer-herbstvortrag-2020-fur-neue-ideen\/","title":{"rendered":"Erfahrungen aus dem Goldauer Herbstvortrag 2020 f\u00fcr neue Ideen"},"content":{"rendered":"<p>Der bei mir Vollprogramm genannte Total-Update zum jeweils aktuellen Stand der erfolgreichsten Raumfahrtprojekte erreichte diesmal das Maximum dessen, was ein Publikum in gut 2 Stunden aufnehmen kann. Dieses Ideal war in Goldau am 6.11.2020 erreicht, als bei der zwangsm\u00e4ssigen 30er-Publikums-Limite ungeplant nur der h\u00e4rteste Kern der Raumfahrtinteressierten erschien, f\u00fcr die keines ihrer Lieblingsthemen zuviel war. Ich hatte fr\u00fcher schon die M\u00f6glichkeit anget\u00f6nt, dass ich ev. einen zweiten Vortrag dieser Art im Fr\u00fchling 2021 planen k\u00f6nnte, weil es weder an Themen noch an Publikum mangelt. Die j\u00fcngste Erfahrung, dass &#8222;Vollprogramme&#8220; ohnehin ihre Ausbaulimite erreicht haben, brachte mich auf eine neue Idee. <\/p>\n<p>Ein nostalgischer und &#8222;romantischer&#8220; Teil jedes Vortrages besteht immer aus dem, was die Zuh\u00f6rer \u00fcber ein Thema seit ihrer Kindheit im Kopf pflegen und deshalb gerne von Zeit zu Zeit verfolgen, wie es weitergegangen ist! Im Laufe der Zeit musste ich leider jedes Jahr einige der besten Illustrationen dazu aus Platzgr\u00fcnden weglassen. K\u00f6nnte man also nicht in einem ersten kurzen Vortragsteil nur noch den ohnehin auch allgemeinverst\u00e4ndlichen Roten Faden der Technologiegeschichte verfolgen, dann aber doch wieder mit dem aktuellen Geschehen seit dem vorangehenden Referat weiterfahren? Daf\u00fcr mit mehr Zeit, um tiefer ins Thema einzudringen und gleichzeitig sicherzustellen, dass ein regelm\u00e4ssiger Zuh\u00f6rer nicht einen zu grossen Teil an unverzichtbaren Erkl\u00e4rungen zum zweiten Mal h\u00f6rt?<\/p>\n<p>Ein solches Referat k\u00f6nnte im Fr\u00fchjahr, z.B. im April, sehr wohl das Interesse regelm\u00e4ssiger wie auch neuer Zuh\u00f6rer finden. Einmalig, oder dann wieder regelm\u00e4ssig f\u00fcr ein beliebig grosses Publikum im November. Ich werde mir das noch \u00fcber die ruhigen Tage beim Jahreswechsel durch den Kopf gehen lassen. Bin auch um Anregungen von Seiten der Raumfahrtinteressierten auf Bruno@Stanek.ch dankbar, denn auf meine Zuh\u00f6rer bzw. Zuschauer richte ich Anl\u00e4sse seit nunmehr 52 Jahren aus. Ob wie fr\u00fcher im Fernsehen oder wie seit jeher bei Vortr\u00e4gen. Sobald ich mich entschieden und bei der Eichmatt-Saalverwaltung ein Datum reserviert habe, w\u00fcrden Sie das auf meiner Seite der bevorstehenden Anl\u00e4sse mitsamt neuem Plakat sehen.<\/p>\n<p>Bleiben Sie also gesund und hoffen auf die Zeit, wo die Freude an Erfolgen in der Raumfahrt bei den Goldauer Vortr\u00e4gen weitere Jahre bis zu neuen Mondlandungen und einer ersten bemannten Marslandung mit dem harten Kern der Gleichgesinnten geteilt werden kann.<\/p>\n","protected":false},"excerpt":{"rendered":"<p>Der bei mir Vollprogramm genannte Total-Update zum jeweils aktuellen Stand der erfolgreichsten Raumfahrtprojekte erreichte diesmal das Maximum dessen, was ein Publikum in gut 2 Stunden aufnehmen kann. Dieses Ideal war in Goldau am 6.11.2020 erreicht, als bei der zwangsm\u00e4ssigen 30er-Publikums-Limite &hellip; <a href=\"http:\/\/stanek.ch\/wordpress\/vortragehistory\/2020\/11\/erfahrungen-aus-dem-goldauer-herbstvortrag-2020-fur-neue-ideen\/\">Weiterlesen <span class=\"meta-nav\">&rarr;<\/span><\/a><\/p>\n","protected":false},"author":2,"featured_media":0,"comment_status":"closed","ping_status":"closed","sticky":false,"template":"","format":"standard","meta":{"footnotes":""},"categories":[3,5],"tags":[],"class_list":["post-11245","post","type-post","status-publish","format-standard","hentry","category-vortragehistory","category-raumfahrt"],"_links":{"self":[{"href":"http:\/\/stanek.ch\/wordpress\/wp-json\/wp\/v2\/posts\/11245","targetHints":{"allow":["GET"]}}],"collection":[{"href":"http:\/\/stanek.ch\/wordpress\/wp-json\/wp\/v2\/posts"}],"about":[{"href":"http:\/\/stanek.ch\/wordpress\/wp-json\/wp\/v2\/types\/post"}],"author":[{"embeddable":true,"href":"http:\/\/stanek.ch\/wordpress\/wp-json\/wp\/v2\/users\/2"}],"replies":[{"embeddable":true,"href":"http:\/\/stanek.ch\/wordpress\/wp-json\/wp\/v2\/comments?post=11245"}],"version-history":[{"count":9,"href":"http:\/\/stanek.ch\/wordpress\/wp-json\/wp\/v2\/posts\/11245\/revisions"}],"predecessor-version":[{"id":11248,"href":"http:\/\/stanek.ch\/wordpress\/wp-json\/wp\/v2\/posts\/11245\/revisions\/11248"}],"wp:attachment":[{"href":"http:\/\/stanek.ch\/wordpress\/wp-json\/wp\/v2\/media?parent=11245"}],"wp:term":[{"taxonomy":"category","embeddable":true,"href":"http:\/\/stanek.ch\/wordpress\/wp-json\/wp\/v2\/categories?post=11245"},{"taxonomy":"post_tag","embeddable":true,"href":"http:\/\/stanek.ch\/wordpress\/wp-json\/wp\/v2\/tags?post=11245"}],"curies":[{"name":"wp","href":"https:\/\/api.w.org\/{rel}","templated":true}]}}