{"id":11036,"date":"2020-09-28T19:17:54","date_gmt":"2020-09-28T18:17:54","guid":{"rendered":"http:\/\/stanek.ch\/wordpress\/?p=11036"},"modified":"2020-09-28T19:25:49","modified_gmt":"2020-09-28T18:25:49","slug":"ein-guter-bekannter-schickt-mir-ein-paar-gedanken-zur-jungsten-abstimmung%e2%80%a6","status":"publish","type":"post","link":"http:\/\/stanek.ch\/wordpress\/weltgeschehen\/2020\/09\/ein-guter-bekannter-schickt-mir-ein-paar-gedanken-zur-jungsten-abstimmung%e2%80%a6\/","title":{"rendered":"Ein guter Bekannter schickt mir ein paar Gedanken zur j\u00fcngsten Abstimmung\u2026"},"content":{"rendered":"<p>Das letzte Abstimmungswochenende zeigte es wieder einmal mehr:<br \/>\ndie Mehrheit ist hipp und urban\u2026<br \/>\nDas wohlstandsverwahrloste Schulsystem zeigt immer mehr seine Wirkung.<br \/>\nDas befassen mit Zahlen und Fakten wird reine Gl\u00fcckssache (COVID l\u00e4sst gr\u00fcssen).<br \/>\nDas Bildungswesen kommt nicht mehr \u00fcber das Niveau von Singen und Klatschen hinaus.<br \/>\nDas vertiefte Denken ist einem grenzdebilen eindimensionalen Denken gewichen.<br \/>\nDas macht es m\u00f6glich, das Heil im Staat zu suchen.<br \/>\nDas macht es m\u00f6glich, nichts aus der Geschichte zu lernen.<br \/>\nDas macht es m\u00f6glich, sich seine eigene beschr\u00e4nkte \/ debile Realit\u00e4t zu (tag)tr\u00e4umen.<br \/>\nDas erm\u00f6glicht es, als B\u00fcrger seine eigenen demokratischen Rechte verlottern zu lassen.<\/p>\n<p>Fr\u00fcher h\u00e4tte ein solches Abstimmungsresultat Weltuntergangsstimmung ausgel\u00f6st, heute bestenfalls Achselzucken. Warum so pl\u00f6tzlich? Die oben beschriebenen Faktoren f\u00fchrten eben bereits zur absoluten Gleichg\u00fcltigkeit. Die B\u00fcrger sehen auch keinen Unterschied mehr zwischen der SP und der FdP&#8230;<\/p>\n<p>Hauptsache  hipp und urban\u2026<\/p>\n","protected":false},"excerpt":{"rendered":"<p>Das letzte Abstimmungswochenende zeigte es wieder einmal mehr: die Mehrheit ist hipp und urban\u2026 Das wohlstandsverwahrloste Schulsystem zeigt immer mehr seine Wirkung. Das befassen mit Zahlen und Fakten wird reine Gl\u00fcckssache (COVID l\u00e4sst gr\u00fcssen). Das Bildungswesen kommt nicht mehr \u00fcber &hellip; <a href=\"http:\/\/stanek.ch\/wordpress\/weltgeschehen\/2020\/09\/ein-guter-bekannter-schickt-mir-ein-paar-gedanken-zur-jungsten-abstimmung%e2%80%a6\/\">Weiterlesen <span class=\"meta-nav\">&rarr;<\/span><\/a><\/p>\n","protected":false},"author":2,"featured_media":0,"comment_status":"closed","ping_status":"closed","sticky":false,"template":"","format":"standard","meta":{"footnotes":""},"categories":[1],"tags":[],"class_list":["post-11036","post","type-post","status-publish","format-standard","hentry","category-weltgeschehen"],"_links":{"self":[{"href":"http:\/\/stanek.ch\/wordpress\/wp-json\/wp\/v2\/posts\/11036","targetHints":{"allow":["GET"]}}],"collection":[{"href":"http:\/\/stanek.ch\/wordpress\/wp-json\/wp\/v2\/posts"}],"about":[{"href":"http:\/\/stanek.ch\/wordpress\/wp-json\/wp\/v2\/types\/post"}],"author":[{"embeddable":true,"href":"http:\/\/stanek.ch\/wordpress\/wp-json\/wp\/v2\/users\/2"}],"replies":[{"embeddable":true,"href":"http:\/\/stanek.ch\/wordpress\/wp-json\/wp\/v2\/comments?post=11036"}],"version-history":[{"count":12,"href":"http:\/\/stanek.ch\/wordpress\/wp-json\/wp\/v2\/posts\/11036\/revisions"}],"predecessor-version":[{"id":11048,"href":"http:\/\/stanek.ch\/wordpress\/wp-json\/wp\/v2\/posts\/11036\/revisions\/11048"}],"wp:attachment":[{"href":"http:\/\/stanek.ch\/wordpress\/wp-json\/wp\/v2\/media?parent=11036"}],"wp:term":[{"taxonomy":"category","embeddable":true,"href":"http:\/\/stanek.ch\/wordpress\/wp-json\/wp\/v2\/categories?post=11036"},{"taxonomy":"post_tag","embeddable":true,"href":"http:\/\/stanek.ch\/wordpress\/wp-json\/wp\/v2\/tags?post=11036"}],"curies":[{"name":"wp","href":"https:\/\/api.w.org\/{rel}","templated":true}]}}