{"id":1058,"date":"2011-10-04T17:22:22","date_gmt":"2011-10-04T16:22:22","guid":{"rendered":"http:\/\/stanek.ch\/wordpress\/?p=1058"},"modified":"2012-02-25T22:10:50","modified_gmt":"2012-02-25T21:10:50","slug":"gast-im-myzambo-kinderprogramm-schweizer-radio-und-fernsehen","status":"publish","type":"post","link":"http:\/\/stanek.ch\/wordpress\/vortragehistory\/2011\/10\/gast-im-myzambo-kinderprogramm-schweizer-radio-und-fernsehen\/","title":{"rendered":"4. Oktober 2011: Gast im myzambo- Kinderprogramm, Schweizer Radio und Fernsehen"},"content":{"rendered":"<p>17:45 auf TV SF 2, 20 Minuten, live, mit Kindern, f\u00fcr Kinder. 19:05 bis 20 Uhr auf DRS1 Radio, live, in \u00e4hnlichem Rahmen. Ein Highlight blieben die beiden elfj\u00e4hrigen Co-Moderator(inn)en. Im privaten Gespr\u00e4ch stellten sie sehr gescheite Fragen. In der Sendung kamen sie weniger dazu. Vielleicht schreibe ich das Buch unter dem Titel \u00abWie man intelligente Antworten auf dumme Fragen gibt\u00bb doch noch! Die Erfahrungen mit den eigenen S\u00f6hnen, 40 Jahren Schulvortr\u00e4gen und Ferienp\u00e4ssen halfen mir immerhin, zusammen mit solchen beim Fernsehen des 21. Jh. das M\u00f6glichste zu tun: ohne Vorbereitungsm\u00f6glichkeiten bei Zuschauern einen positiven Eindruck zu hinterlassen. Nicht ganz trivial, wenn Antworten nicht einmal so lange sein d\u00fcrfen wie unvollst\u00e4ndig gestellte Fragen zu eigentlich anspruchsvollen Themen.<\/p>\n","protected":false},"excerpt":{"rendered":"<p>17:45 auf TV SF 2, 20 Minuten, live, mit Kindern, f\u00fcr Kinder. 19:05 bis 20 Uhr auf DRS1 Radio, live, in \u00e4hnlichem Rahmen. Ein Highlight blieben die beiden elfj\u00e4hrigen Co-Moderator(inn)en. Im privaten Gespr\u00e4ch stellten sie sehr gescheite Fragen. In der &hellip; <a href=\"http:\/\/stanek.ch\/wordpress\/vortragehistory\/2011\/10\/gast-im-myzambo-kinderprogramm-schweizer-radio-und-fernsehen\/\">Weiterlesen <span class=\"meta-nav\">&rarr;<\/span><\/a><\/p>\n","protected":false},"author":2,"featured_media":0,"comment_status":"closed","ping_status":"closed","sticky":false,"template":"","format":"standard","meta":{"footnotes":""},"categories":[3],"tags":[],"class_list":["post-1058","post","type-post","status-publish","format-standard","hentry","category-vortragehistory"],"_links":{"self":[{"href":"http:\/\/stanek.ch\/wordpress\/wp-json\/wp\/v2\/posts\/1058","targetHints":{"allow":["GET"]}}],"collection":[{"href":"http:\/\/stanek.ch\/wordpress\/wp-json\/wp\/v2\/posts"}],"about":[{"href":"http:\/\/stanek.ch\/wordpress\/wp-json\/wp\/v2\/types\/post"}],"author":[{"embeddable":true,"href":"http:\/\/stanek.ch\/wordpress\/wp-json\/wp\/v2\/users\/2"}],"replies":[{"embeddable":true,"href":"http:\/\/stanek.ch\/wordpress\/wp-json\/wp\/v2\/comments?post=1058"}],"version-history":[{"count":12,"href":"http:\/\/stanek.ch\/wordpress\/wp-json\/wp\/v2\/posts\/1058\/revisions"}],"predecessor-version":[{"id":1319,"href":"http:\/\/stanek.ch\/wordpress\/wp-json\/wp\/v2\/posts\/1058\/revisions\/1319"}],"wp:attachment":[{"href":"http:\/\/stanek.ch\/wordpress\/wp-json\/wp\/v2\/media?parent=1058"}],"wp:term":[{"taxonomy":"category","embeddable":true,"href":"http:\/\/stanek.ch\/wordpress\/wp-json\/wp\/v2\/categories?post=1058"},{"taxonomy":"post_tag","embeddable":true,"href":"http:\/\/stanek.ch\/wordpress\/wp-json\/wp\/v2\/tags?post=1058"}],"curies":[{"name":"wp","href":"https:\/\/api.w.org\/{rel}","templated":true}]}}